{"id":10955,"date":"2025-06-27T13:20:42","date_gmt":"2025-06-27T13:20:42","guid":{"rendered":"https:\/\/blog.cadernointeligente.pt\/wp\/?p=10955"},"modified":"2025-06-27T13:20:45","modified_gmt":"2025-06-27T13:20:45","slug":"as-mellhores-ferias-de-verao-sao-as-tuas","status":"publish","type":"post","link":"https:\/\/blog.cadernointeligente.pt\/wp\/2025\/06\/27\/as-mellhores-ferias-de-verao-sao-as-tuas\/","title":{"rendered":"As melhores f\u00e9rias de ver\u00e3o s\u00e3o as tuas!"},"content":{"rendered":"\n<p>O ver\u00e3o chegou e com ele vem as f\u00e9rias e aquela vontade de desligar do mundo, aproveitar os dias longos e criar mem\u00f3rias incr\u00edveis!\u2728 Mas se j\u00e1 est\u00e1s a pensar &#8220;o que \u00e9 que eu vou fazer estas f\u00e9rias?&#8221;, relaxa \ud83d\ude0c aqui ficam algumas ideias top para aproveitares ao m\u00e1ximo! \ud83c\udf0a\ud83d\udc83<\/p>\n\n\n\n<h2 class=\"wp-block-heading\"><mark style=\"background-color:rgba(0, 0, 0, 0)\" class=\"has-inline-color has-vivid-purple-color\">Descobre s\u00edtios novos <\/mark><\/h2>\n\n\n<div class=\"wp-block-image\">\n<figure class=\"alignright size-full is-resized\"><img data-recalc-dims=\"1\" loading=\"lazy\" decoding=\"async\" width=\"547\" height=\"425\" src=\"https:\/\/i0.wp.com\/blog.cadernointeligente.pt\/wp\/wp-content\/uploads\/2025\/06\/Screenshot_7.png?resize=547%2C425&#038;ssl=1\" alt=\"f\u00e9rias de ver\u00e3o - caminhada \" class=\"wp-image-10959\" style=\"width:247px;height:auto\" srcset=\"https:\/\/i0.wp.com\/blog.cadernointeligente.pt\/wp\/wp-content\/uploads\/2025\/06\/Screenshot_7.png?w=547&amp;ssl=1 547w, https:\/\/i0.wp.com\/blog.cadernointeligente.pt\/wp\/wp-content\/uploads\/2025\/06\/Screenshot_7.png?resize=300%2C233&amp;ssl=1 300w\" sizes=\"auto, (max-width: 547px) 100vw, 547px\" \/><\/figure>\n<\/div>\n\n\n<p>N\u00e3o precisas de sair de Portugal para ter uma aventura! Explora aquela praia escondida, um trilho na natureza ou uma cidade gira que nunca visitaste \ud83d\ude0e<\/p>\n\n\n\n<p>Faz uma <em>road<\/em> trip, com os teus amigos \ud83d\ude97 ou convence a tua fam\u00edlia a fazer um passeio diferente. O importante \u00e9 mudares de cen\u00e1rio e criares novas experi\u00eancias!<\/p>\n\n\n\n<h2 class=\"wp-block-heading\"><mark style=\"background-color:rgba(0, 0, 0, 0)\" class=\"has-inline-color has-vivid-purple-color\">Dias de chill com sabor a f\u00e9rias de ver\u00e3o<\/mark><\/h2>\n\n\n\n<p>Nem todos os dias t\u00eam de ser uma festa. Monta um spa em casa \ud83d\udc85 l\u00ea um livro, v\u00ea as s\u00e9ries que deixaste para tr\u00e1s \ud83d\udcfa, experimenta receitas fresquinhas como <em>smoothies<\/em>, gelados caseiros ou at\u00e9 a de brownie que temos no nosso Instagram que prometemos ser uma delicia \ud83e\udd6d\ud83c\udf53<\/p>\n\n\n\n<figure class=\"wp-block-embed is-type-rich is-provider-instagram wp-block-embed-instagram\"><div class=\"wp-block-embed__wrapper\">\n<blockquote class=\"instagram-media\" data-instgrm-captioned data-instgrm-permalink=\"https:\/\/www.instagram.com\/reel\/DLKUXEZIYgc\/?utm_source=ig_embed&amp;utm_campaign=loading\" data-instgrm-version=\"14\" style=\" background:#FFF; border:0; border-radius:3px; box-shadow:0 0 1px 0 rgba(0,0,0,0.5),0 1px 10px 0 rgba(0,0,0,0.15); margin: 1px; max-width:658px; min-width:326px; padding:0; width:99.375%; width:-webkit-calc(100% - 2px); width:calc(100% - 2px);\"><div style=\"padding:16px;\"> <a href=\"https:\/\/www.instagram.com\/reel\/DLKUXEZIYgc\/?utm_source=ig_embed&amp;utm_campaign=loading\" style=\" background:#FFFFFF; line-height:0; padding:0 0; text-align:center; text-decoration:none; width:100%;\" target=\"_blank\"> <div style=\" display: flex; flex-direction: row; align-items: center;\"> <div style=\"background-color: #F4F4F4; border-radius: 50%; flex-grow: 0; height: 40px; margin-right: 14px; width: 40px;\"><\/div> <div style=\"display: flex; flex-direction: column; flex-grow: 1; justify-content: center;\"> <div style=\" background-color: #F4F4F4; border-radius: 4px; flex-grow: 0; height: 14px; margin-bottom: 6px; width: 100px;\"><\/div> <div style=\" background-color: #F4F4F4; border-radius: 4px; flex-grow: 0; height: 14px; width: 60px;\"><\/div><\/div><\/div><div style=\"padding: 19% 0;\"><\/div> <div style=\"display:block; height:50px; margin:0 auto 12px; width:50px;\"><svg width=\"50px\" height=\"50px\" viewBox=\"0 0 60 60\" version=\"1.1\" xmlns=\"https:\/\/www.w3.org\/2000\/svg\" xmlns:xlink=\"https:\/\/www.w3.org\/1999\/xlink\"><g stroke=\"none\" stroke-width=\"1\" fill=\"none\" fill-rule=\"evenodd\"><g transform=\"translate(-511.000000, -20.000000)\" fill=\"#000000\"><g><path d=\"M556.869,30.41 C554.814,30.41 553.148,32.076 553.148,34.131 C553.148,36.186 554.814,37.852 556.869,37.852 C558.924,37.852 560.59,36.186 560.59,34.131 C560.59,32.076 558.924,30.41 556.869,30.41 M541,60.657 C535.114,60.657 530.342,55.887 530.342,50 C530.342,44.114 535.114,39.342 541,39.342 C546.887,39.342 551.658,44.114 551.658,50 C551.658,55.887 546.887,60.657 541,60.657 M541,33.886 C532.1,33.886 524.886,41.1 524.886,50 C524.886,58.899 532.1,66.113 541,66.113 C549.9,66.113 557.115,58.899 557.115,50 C557.115,41.1 549.9,33.886 541,33.886 M565.378,62.101 C565.244,65.022 564.756,66.606 564.346,67.663 C563.803,69.06 563.154,70.057 562.106,71.106 C561.058,72.155 560.06,72.803 558.662,73.347 C557.607,73.757 556.021,74.244 553.102,74.378 C549.944,74.521 548.997,74.552 541,74.552 C533.003,74.552 532.056,74.521 528.898,74.378 C525.979,74.244 524.393,73.757 523.338,73.347 C521.94,72.803 520.942,72.155 519.894,71.106 C518.846,70.057 518.197,69.06 517.654,67.663 C517.244,66.606 516.755,65.022 516.623,62.101 C516.479,58.943 516.448,57.996 516.448,50 C516.448,42.003 516.479,41.056 516.623,37.899 C516.755,34.978 517.244,33.391 517.654,32.338 C518.197,30.938 518.846,29.942 519.894,28.894 C520.942,27.846 521.94,27.196 523.338,26.654 C524.393,26.244 525.979,25.756 528.898,25.623 C532.057,25.479 533.004,25.448 541,25.448 C548.997,25.448 549.943,25.479 553.102,25.623 C556.021,25.756 557.607,26.244 558.662,26.654 C560.06,27.196 561.058,27.846 562.106,28.894 C563.154,29.942 563.803,30.938 564.346,32.338 C564.756,33.391 565.244,34.978 565.378,37.899 C565.522,41.056 565.552,42.003 565.552,50 C565.552,57.996 565.522,58.943 565.378,62.101 M570.82,37.631 C570.674,34.438 570.167,32.258 569.425,30.349 C568.659,28.377 567.633,26.702 565.965,25.035 C564.297,23.368 562.623,22.342 560.652,21.575 C558.743,20.834 556.562,20.326 553.369,20.18 C550.169,20.033 549.148,20 541,20 C532.853,20 531.831,20.033 528.631,20.18 C525.438,20.326 523.257,20.834 521.349,21.575 C519.376,22.342 517.703,23.368 516.035,25.035 C514.368,26.702 513.342,28.377 512.574,30.349 C511.834,32.258 511.326,34.438 511.181,37.631 C511.035,40.831 511,41.851 511,50 C511,58.147 511.035,59.17 511.181,62.369 C511.326,65.562 511.834,67.743 512.574,69.651 C513.342,71.625 514.368,73.296 516.035,74.965 C517.703,76.634 519.376,77.658 521.349,78.425 C523.257,79.167 525.438,79.673 528.631,79.82 C531.831,79.965 532.853,80.001 541,80.001 C549.148,80.001 550.169,79.965 553.369,79.82 C556.562,79.673 558.743,79.167 560.652,78.425 C562.623,77.658 564.297,76.634 565.965,74.965 C567.633,73.296 568.659,71.625 569.425,69.651 C570.167,67.743 570.674,65.562 570.82,62.369 C570.966,59.17 571,58.147 571,50 C571,41.851 570.966,40.831 570.82,37.631\"><\/path><\/g><\/g><\/g><\/svg><\/div><div style=\"padding-top: 8px;\"> <div style=\" color:#3897f0; font-family:Arial,sans-serif; font-size:14px; font-style:normal; font-weight:550; line-height:18px;\">View this post on Instagram<\/div><\/div><div style=\"padding: 12.5% 0;\"><\/div> <div style=\"display: flex; flex-direction: row; margin-bottom: 14px; align-items: center;\"><div> <div style=\"background-color: #F4F4F4; border-radius: 50%; height: 12.5px; width: 12.5px; transform: translateX(0px) translateY(7px);\"><\/div> <div style=\"background-color: #F4F4F4; height: 12.5px; transform: rotate(-45deg) translateX(3px) translateY(1px); width: 12.5px; flex-grow: 0; margin-right: 14px; margin-left: 2px;\"><\/div> <div style=\"background-color: #F4F4F4; border-radius: 50%; height: 12.5px; width: 12.5px; transform: translateX(9px) translateY(-18px);\"><\/div><\/div><div style=\"margin-left: 8px;\"> <div style=\" background-color: #F4F4F4; border-radius: 50%; flex-grow: 0; height: 20px; width: 20px;\"><\/div> <div style=\" width: 0; height: 0; border-top: 2px solid transparent; border-left: 6px solid #f4f4f4; border-bottom: 2px solid transparent; transform: translateX(16px) translateY(-4px) rotate(30deg)\"><\/div><\/div><div style=\"margin-left: auto;\"> <div style=\" width: 0px; border-top: 8px solid #F4F4F4; border-right: 8px solid transparent; transform: translateY(16px);\"><\/div> <div style=\" background-color: #F4F4F4; flex-grow: 0; height: 12px; width: 16px; transform: translateY(-4px);\"><\/div> <div style=\" width: 0; height: 0; border-top: 8px solid #F4F4F4; border-left: 8px solid transparent; transform: translateY(-4px) translateX(8px);\"><\/div><\/div><\/div> <div style=\"display: flex; flex-direction: column; flex-grow: 1; justify-content: center; margin-bottom: 24px;\"> <div style=\" background-color: #F4F4F4; border-radius: 4px; flex-grow: 0; height: 14px; margin-bottom: 6px; width: 224px;\"><\/div> <div style=\" background-color: #F4F4F4; border-radius: 4px; flex-grow: 0; height: 14px; width: 144px;\"><\/div><\/div><\/a><p style=\" color:#c9c8cd; font-family:Arial,sans-serif; font-size:14px; line-height:17px; margin-bottom:0; margin-top:8px; overflow:hidden; padding:8px 0 7px; text-align:center; text-overflow:ellipsis; white-space:nowrap;\"><a href=\"https:\/\/www.instagram.com\/reel\/DLKUXEZIYgc\/?utm_source=ig_embed&amp;utm_campaign=loading\" style=\" color:#c9c8cd; font-family:Arial,sans-serif; font-size:14px; font-style:normal; font-weight:normal; line-height:17px; text-decoration:none;\" target=\"_blank\">A post shared by Caderno Inteligente Portugal (@cadernointeligente_pt)<\/a><\/p><\/div><\/blockquote><script async src=\"\/\/platform.instagram.com\/en_US\/embeds.js\"><\/script>\n<\/div><\/figure>\n\n\n\n<p>Aproveita para cuidares de ti e recuperar da loucura que podem ser as f\u00e9rias de ver\u00e3o, tamb\u00e9m \u00e9 importante repores energias para as aproveitar ao m\u00e1ximo \ud83d\udc96<\/p>\n\n\n\n<h2 class=\"wp-block-heading\"><mark style=\"background-color:rgba(0, 0, 0, 0)\" class=\"has-inline-color has-vivid-purple-color\">Aprende algo que sempre quiseste<\/mark><\/h2>\n\n\n\n<p>O ver\u00e3o tamb\u00e9m \u00e9 \u00f3timo para te reinventares press\u00f5es! Podes come\u00e7ar a desenhar, aprender guitarra \ud83c\udfb8, fazer um curso online de algo que te interesse, come\u00e7ar um desporto novo, fazer algo que nunca tiveste coragem de fazer. Quem sabe n\u00e3o descobres um novo talento? \ud83d\ude0d<\/p>\n\n\n\n<h2 class=\"wp-block-heading\"><mark style=\"background-color:rgba(0, 0, 0, 0)\" class=\"has-inline-color has-vivid-purple-color\">Organiza um sunset com os teus<\/mark><\/h2>\n\n\n<div class=\"wp-block-image\">\n<figure class=\"alignright size-full is-resized\"><img data-recalc-dims=\"1\" loading=\"lazy\" decoding=\"async\" width=\"482\" height=\"583\" src=\"https:\/\/i0.wp.com\/blog.cadernointeligente.pt\/wp\/wp-content\/uploads\/2025\/06\/Screenshot_8.png?resize=482%2C583&#038;ssl=1\" alt=\"f\u00e9rias de ver\u00e3o - sunset com amigos \" class=\"wp-image-10962\" style=\"width:172px;height:auto\" srcset=\"https:\/\/i0.wp.com\/blog.cadernointeligente.pt\/wp\/wp-content\/uploads\/2025\/06\/Screenshot_8.png?w=482&amp;ssl=1 482w, https:\/\/i0.wp.com\/blog.cadernointeligente.pt\/wp\/wp-content\/uploads\/2025\/06\/Screenshot_8.png?resize=248%2C300&amp;ssl=1 248w\" sizes=\"auto, (max-width: 482px) 100vw, 482px\" \/><\/figure>\n<\/div>\n\n\n<p>Convida os teus amigos, leva snacks \ud83c\udf55, mete uma playlist com uma boa vibe \ud83c\udfb6 e aproveita um fim de tarde bonito com pessoas especiais ao teu lado! Podes organiz\u00e1-lo em tua casa, num parque ou at\u00e9 mesmo na praia com uma fogueira para vos aquecer quando o tempo arrefecer! <\/p>\n\n\n\n<p>\u00c0s vezes, os momentos mais simples s\u00e3o os mais inesquec\u00edveis \u2728.<\/p>\n\n\n\n<h2 class=\"wp-block-heading\"><mark style=\"background-color:rgba(0, 0, 0, 0)\" class=\"has-inline-color has-vivid-purple-color\">Cria um <em>Summer Journal<\/em><\/mark><\/h2>\n\n\n\n<p>Tira fotos, escreve pequenas mem\u00f3rias, guarda recorda\u00e7\u00f5es de s\u00edtios que visitaste, como bilhetes, selos, etc\u2026 no final do ver\u00e3o vais adorar rever tudo o que viveste \ud83d\ude0d<\/p>\n\n\n\n<p>Podes usar o teu Caderno Inteligente, para eternizar estas mem\u00f3rias e criar o teu summer journal perfeito \u2600\ufe0f <\/p>\n\n\n\n<h2 class=\"wp-block-heading\">F\u00e9rias de Ver\u00e3o, estamos \u00e0 vossa espera!<\/h2>\n\n\n\n<p>N\u00e3o importa se vais viajar, trabalhar ou simplesmente descansar, faz aquilo que te faz feliz! Vive o melhor ver\u00e3o da tua vida! <\/p>\n\n\n\n<p>Vive o agora, sem stress, e claro, com muitooooo protetor solar \ud83d\ude0e\ud83e\uddf4<\/p>\n\n\n\n<p>Boas f\u00e9rias, CILover! \ud83d\udc9c<\/p>\n","protected":false},"excerpt":{"rendered":"<p>O ver\u00e3o chegou e com ele vem as f\u00e9rias e aquela vontade de desligar do mundo, aproveitar os dias longos&hellip;<\/p>\n","protected":false},"author":7,"featured_media":10972,"comment_status":"open","ping_status":"open","sticky":false,"template":"","format":"standard","meta":{"jetpack_post_was_ever_published":false,"_jetpack_newsletter_access":"","_jetpack_dont_email_post_to_subs":false,"_jetpack_newsletter_tier_id":0,"_jetpack_memberships_contains_paywalled_content":false,"_jetpack_memberships_contains_paid_content":false,"footnotes":""},"categories":[51],"tags":[9,5,6,7],"class_list":["post-10955","post","type-post","status-publish","format-standard","has-post-thumbnail","hentry","category-cilovers","tag-caderno-de-disco","tag-caderno-inteligente","tag-caderno-inteligente-portugal","tag-caderno-inteligente-pt"],"yoast_head":"<!-- This site is optimized with the Yoast SEO plugin v27.2 - https:\/\/yoast.com\/product\/yoast-seo-wordpress\/ -->\n<title>As melhores f\u00e9rias de ver\u00e3o s\u00e3o as tuas! - Caderno Inteligente<\/title>\n<meta name=\"description\" content=\"O ver\u00e3o chegou e com ele vem as f\u00e9rias de ver\u00e3o e aquela vontade de aproveitar os dias longos e criar mem\u00f3rias incr\u00edveis! -\" \/>\n<meta name=\"robots\" content=\"index, follow, max-snippet:-1, max-image-preview:large, max-video-preview:-1\" \/>\n<link rel=\"canonical\" href=\"https:\/\/blog.cadernointeligente.pt\/wp\/2025\/06\/27\/as-mellhores-ferias-de-verao-sao-as-tuas\/\" \/>\n<meta property=\"og:locale\" content=\"pt_PT\" \/>\n<meta property=\"og:type\" content=\"article\" \/>\n<meta property=\"og:title\" content=\"As melhores f\u00e9rias de ver\u00e3o s\u00e3o as tuas! - Caderno Inteligente\" \/>\n<meta property=\"og:description\" content=\"O ver\u00e3o chegou e com ele vem as f\u00e9rias de ver\u00e3o e aquela vontade de aproveitar os dias longos e criar mem\u00f3rias incr\u00edveis! -\" \/>\n<meta property=\"og:url\" content=\"https:\/\/blog.cadernointeligente.pt\/wp\/2025\/06\/27\/as-mellhores-ferias-de-verao-sao-as-tuas\/\" \/>\n<meta property=\"og:site_name\" content=\"Caderno Inteligente\" \/>\n<meta property=\"article:published_time\" content=\"2025-06-27T13:20:42+00:00\" \/>\n<meta property=\"article:modified_time\" content=\"2025-06-27T13:20:45+00:00\" \/>\n<meta property=\"og:image\" content=\"https:\/\/blog.cadernointeligente.pt\/wp\/wp-content\/uploads\/2025\/06\/25_06-art-blog-cipt.jpg\" \/>\n\t<meta property=\"og:image:width\" content=\"420\" \/>\n\t<meta property=\"og:image:height\" content=\"297\" \/>\n\t<meta property=\"og:image:type\" content=\"image\/jpeg\" \/>\n<meta name=\"author\" content=\"A Equipa Caderno Inteligente\" \/>\n<meta name=\"twitter:card\" content=\"summary_large_image\" \/>\n<meta name=\"twitter:label1\" content=\"Escrito por\" \/>\n\t<meta name=\"twitter:data1\" content=\"A Equipa Caderno Inteligente\" \/>\n\t<meta name=\"twitter:label2\" content=\"Tempo estimado de leitura\" \/>\n\t<meta name=\"twitter:data2\" content=\"3 minutos\" \/>\n<script type=\"application\/ld+json\" class=\"yoast-schema-graph\">{\"@context\":\"https:\/\/schema.org\",\"@graph\":[{\"@type\":\"Article\",\"@id\":\"https:\/\/blog.cadernointeligente.pt\/wp\/2025\/06\/27\/as-mellhores-ferias-de-verao-sao-as-tuas\/#article\",\"isPartOf\":{\"@id\":\"https:\/\/blog.cadernointeligente.pt\/wp\/2025\/06\/27\/as-mellhores-ferias-de-verao-sao-as-tuas\/\"},\"author\":{\"name\":\"A Equipa Caderno Inteligente\",\"@id\":\"https:\/\/blog.cadernointeligente.pt\/wp\/#\/schema\/person\/9b11f867ba3e04ebf37a7ee54a0cd952\"},\"headline\":\"As melhores f\u00e9rias de ver\u00e3o s\u00e3o as tuas!\",\"datePublished\":\"2025-06-27T13:20:42+00:00\",\"dateModified\":\"2025-06-27T13:20:45+00:00\",\"mainEntityOfPage\":{\"@id\":\"https:\/\/blog.cadernointeligente.pt\/wp\/2025\/06\/27\/as-mellhores-ferias-de-verao-sao-as-tuas\/\"},\"wordCount\":440,\"commentCount\":0,\"publisher\":{\"@id\":\"https:\/\/blog.cadernointeligente.pt\/wp\/#organization\"},\"image\":{\"@id\":\"https:\/\/blog.cadernointeligente.pt\/wp\/2025\/06\/27\/as-mellhores-ferias-de-verao-sao-as-tuas\/#primaryimage\"},\"thumbnailUrl\":\"https:\/\/i0.wp.com\/blog.cadernointeligente.pt\/wp\/wp-content\/uploads\/2025\/06\/25_06-art-blog-cipt.jpg?fit=420%2C297&ssl=1\",\"keywords\":[\"caderno de disco\",\"caderno inteligente\",\"caderno inteligente portugal\",\"caderno inteligente pt\"],\"articleSection\":[\"#CILovers\"],\"inLanguage\":\"pt-PT\",\"potentialAction\":[{\"@type\":\"CommentAction\",\"name\":\"Comment\",\"target\":[\"https:\/\/blog.cadernointeligente.pt\/wp\/2025\/06\/27\/as-mellhores-ferias-de-verao-sao-as-tuas\/#respond\"]}]},{\"@type\":\"WebPage\",\"@id\":\"https:\/\/blog.cadernointeligente.pt\/wp\/2025\/06\/27\/as-mellhores-ferias-de-verao-sao-as-tuas\/\",\"url\":\"https:\/\/blog.cadernointeligente.pt\/wp\/2025\/06\/27\/as-mellhores-ferias-de-verao-sao-as-tuas\/\",\"name\":\"As melhores f\u00e9rias de ver\u00e3o s\u00e3o as tuas! - Caderno Inteligente\",\"isPartOf\":{\"@id\":\"https:\/\/blog.cadernointeligente.pt\/wp\/#website\"},\"primaryImageOfPage\":{\"@id\":\"https:\/\/blog.cadernointeligente.pt\/wp\/2025\/06\/27\/as-mellhores-ferias-de-verao-sao-as-tuas\/#primaryimage\"},\"image\":{\"@id\":\"https:\/\/blog.cadernointeligente.pt\/wp\/2025\/06\/27\/as-mellhores-ferias-de-verao-sao-as-tuas\/#primaryimage\"},\"thumbnailUrl\":\"https:\/\/i0.wp.com\/blog.cadernointeligente.pt\/wp\/wp-content\/uploads\/2025\/06\/25_06-art-blog-cipt.jpg?fit=420%2C297&ssl=1\",\"datePublished\":\"2025-06-27T13:20:42+00:00\",\"dateModified\":\"2025-06-27T13:20:45+00:00\",\"description\":\"O ver\u00e3o chegou e com ele vem as f\u00e9rias de ver\u00e3o e aquela vontade de aproveitar os dias longos e criar mem\u00f3rias incr\u00edveis! -\",\"breadcrumb\":{\"@id\":\"https:\/\/blog.cadernointeligente.pt\/wp\/2025\/06\/27\/as-mellhores-ferias-de-verao-sao-as-tuas\/#breadcrumb\"},\"inLanguage\":\"pt-PT\",\"potentialAction\":[{\"@type\":\"ReadAction\",\"target\":[\"https:\/\/blog.cadernointeligente.pt\/wp\/2025\/06\/27\/as-mellhores-ferias-de-verao-sao-as-tuas\/\"]}]},{\"@type\":\"ImageObject\",\"inLanguage\":\"pt-PT\",\"@id\":\"https:\/\/blog.cadernointeligente.pt\/wp\/2025\/06\/27\/as-mellhores-ferias-de-verao-sao-as-tuas\/#primaryimage\",\"url\":\"https:\/\/i0.wp.com\/blog.cadernointeligente.pt\/wp\/wp-content\/uploads\/2025\/06\/25_06-art-blog-cipt.jpg?fit=420%2C297&ssl=1\",\"contentUrl\":\"https:\/\/i0.wp.com\/blog.cadernointeligente.pt\/wp\/wp-content\/uploads\/2025\/06\/25_06-art-blog-cipt.jpg?fit=420%2C297&ssl=1\",\"width\":420,\"height\":297},{\"@type\":\"BreadcrumbList\",\"@id\":\"https:\/\/blog.cadernointeligente.pt\/wp\/2025\/06\/27\/as-mellhores-ferias-de-verao-sao-as-tuas\/#breadcrumb\",\"itemListElement\":[{\"@type\":\"ListItem\",\"position\":1,\"name\":\"In\u00edcio\",\"item\":\"https:\/\/blog.cadernointeligente.pt\/wp\/\"},{\"@type\":\"ListItem\",\"position\":2,\"name\":\"As melhores f\u00e9rias de ver\u00e3o s\u00e3o as tuas!\"}]},{\"@type\":\"WebSite\",\"@id\":\"https:\/\/blog.cadernointeligente.pt\/wp\/#website\",\"url\":\"https:\/\/blog.cadernointeligente.pt\/wp\/\",\"name\":\"Caderno Inteligente\",\"description\":\"Blog do Caderno Inteligente Portugal\",\"publisher\":{\"@id\":\"https:\/\/blog.cadernointeligente.pt\/wp\/#organization\"},\"potentialAction\":[{\"@type\":\"SearchAction\",\"target\":{\"@type\":\"EntryPoint\",\"urlTemplate\":\"https:\/\/blog.cadernointeligente.pt\/wp\/?s={search_term_string}\"},\"query-input\":{\"@type\":\"PropertyValueSpecification\",\"valueRequired\":true,\"valueName\":\"search_term_string\"}}],\"inLanguage\":\"pt-PT\"},{\"@type\":\"Organization\",\"@id\":\"https:\/\/blog.cadernointeligente.pt\/wp\/#organization\",\"name\":\"Caderno Inteligente Portugal\",\"url\":\"https:\/\/blog.cadernointeligente.pt\/wp\/\",\"logo\":{\"@type\":\"ImageObject\",\"inLanguage\":\"pt-PT\",\"@id\":\"https:\/\/blog.cadernointeligente.pt\/wp\/#\/schema\/logo\/image\/\",\"url\":\"https:\/\/i0.wp.com\/blog.cadernointeligente.pt\/wp\/wp-content\/uploads\/2020\/03\/logotipo-Caderno-Inteligente.png?fit=1067%2C1067&ssl=1\",\"contentUrl\":\"https:\/\/i0.wp.com\/blog.cadernointeligente.pt\/wp\/wp-content\/uploads\/2020\/03\/logotipo-Caderno-Inteligente.png?fit=1067%2C1067&ssl=1\",\"width\":1067,\"height\":1067,\"caption\":\"Caderno Inteligente Portugal\"},\"image\":{\"@id\":\"https:\/\/blog.cadernointeligente.pt\/wp\/#\/schema\/logo\/image\/\"},\"sameAs\":[\"https:\/\/www.instagram.com\/cadernointeligente_pt\/\"]},{\"@type\":\"Person\",\"@id\":\"https:\/\/blog.cadernointeligente.pt\/wp\/#\/schema\/person\/9b11f867ba3e04ebf37a7ee54a0cd952\",\"name\":\"A Equipa Caderno Inteligente\",\"image\":{\"@type\":\"ImageObject\",\"inLanguage\":\"pt-PT\",\"@id\":\"https:\/\/secure.gravatar.com\/avatar\/4bebf6a69d1b22fd55b87931871ce0c395a0860100a8f99c1c394c5050f99666?s=96&d=mm&r=g\",\"url\":\"https:\/\/secure.gravatar.com\/avatar\/4bebf6a69d1b22fd55b87931871ce0c395a0860100a8f99c1c394c5050f99666?s=96&d=mm&r=g\",\"contentUrl\":\"https:\/\/secure.gravatar.com\/avatar\/4bebf6a69d1b22fd55b87931871ce0c395a0860100a8f99c1c394c5050f99666?s=96&d=mm&r=g\",\"caption\":\"A Equipa Caderno Inteligente\"},\"url\":\"https:\/\/blog.cadernointeligente.pt\/wp\/author\/mariana-monteiro\/\"}]}<\/script>\n<!-- \/ Yoast SEO plugin. -->","yoast_head_json":{"title":"As melhores f\u00e9rias de ver\u00e3o s\u00e3o as tuas! - Caderno Inteligente","description":"O ver\u00e3o chegou e com ele vem as f\u00e9rias de ver\u00e3o e aquela vontade de aproveitar os dias longos e criar mem\u00f3rias incr\u00edveis! -","robots":{"index":"index","follow":"follow","max-snippet":"max-snippet:-1","max-image-preview":"max-image-preview:large","max-video-preview":"max-video-preview:-1"},"canonical":"https:\/\/blog.cadernointeligente.pt\/wp\/2025\/06\/27\/as-mellhores-ferias-de-verao-sao-as-tuas\/","og_locale":"pt_PT","og_type":"article","og_title":"As melhores f\u00e9rias de ver\u00e3o s\u00e3o as tuas! - Caderno Inteligente","og_description":"O ver\u00e3o chegou e com ele vem as f\u00e9rias de ver\u00e3o e aquela vontade de aproveitar os dias longos e criar mem\u00f3rias incr\u00edveis! -","og_url":"https:\/\/blog.cadernointeligente.pt\/wp\/2025\/06\/27\/as-mellhores-ferias-de-verao-sao-as-tuas\/","og_site_name":"Caderno Inteligente","article_published_time":"2025-06-27T13:20:42+00:00","article_modified_time":"2025-06-27T13:20:45+00:00","og_image":[{"width":420,"height":297,"url":"https:\/\/blog.cadernointeligente.pt\/wp\/wp-content\/uploads\/2025\/06\/25_06-art-blog-cipt.jpg","type":"image\/jpeg"}],"author":"A Equipa Caderno Inteligente","twitter_card":"summary_large_image","twitter_misc":{"Escrito por":"A Equipa Caderno Inteligente","Tempo estimado de leitura":"3 minutos"},"schema":{"@context":"https:\/\/schema.org","@graph":[{"@type":"Article","@id":"https:\/\/blog.cadernointeligente.pt\/wp\/2025\/06\/27\/as-mellhores-ferias-de-verao-sao-as-tuas\/#article","isPartOf":{"@id":"https:\/\/blog.cadernointeligente.pt\/wp\/2025\/06\/27\/as-mellhores-ferias-de-verao-sao-as-tuas\/"},"author":{"name":"A Equipa Caderno Inteligente","@id":"https:\/\/blog.cadernointeligente.pt\/wp\/#\/schema\/person\/9b11f867ba3e04ebf37a7ee54a0cd952"},"headline":"As melhores f\u00e9rias de ver\u00e3o s\u00e3o as tuas!","datePublished":"2025-06-27T13:20:42+00:00","dateModified":"2025-06-27T13:20:45+00:00","mainEntityOfPage":{"@id":"https:\/\/blog.cadernointeligente.pt\/wp\/2025\/06\/27\/as-mellhores-ferias-de-verao-sao-as-tuas\/"},"wordCount":440,"commentCount":0,"publisher":{"@id":"https:\/\/blog.cadernointeligente.pt\/wp\/#organization"},"image":{"@id":"https:\/\/blog.cadernointeligente.pt\/wp\/2025\/06\/27\/as-mellhores-ferias-de-verao-sao-as-tuas\/#primaryimage"},"thumbnailUrl":"https:\/\/i0.wp.com\/blog.cadernointeligente.pt\/wp\/wp-content\/uploads\/2025\/06\/25_06-art-blog-cipt.jpg?fit=420%2C297&ssl=1","keywords":["caderno de disco","caderno inteligente","caderno inteligente portugal","caderno inteligente pt"],"articleSection":["#CILovers"],"inLanguage":"pt-PT","potentialAction":[{"@type":"CommentAction","name":"Comment","target":["https:\/\/blog.cadernointeligente.pt\/wp\/2025\/06\/27\/as-mellhores-ferias-de-verao-sao-as-tuas\/#respond"]}]},{"@type":"WebPage","@id":"https:\/\/blog.cadernointeligente.pt\/wp\/2025\/06\/27\/as-mellhores-ferias-de-verao-sao-as-tuas\/","url":"https:\/\/blog.cadernointeligente.pt\/wp\/2025\/06\/27\/as-mellhores-ferias-de-verao-sao-as-tuas\/","name":"As melhores f\u00e9rias de ver\u00e3o s\u00e3o as tuas! - Caderno Inteligente","isPartOf":{"@id":"https:\/\/blog.cadernointeligente.pt\/wp\/#website"},"primaryImageOfPage":{"@id":"https:\/\/blog.cadernointeligente.pt\/wp\/2025\/06\/27\/as-mellhores-ferias-de-verao-sao-as-tuas\/#primaryimage"},"image":{"@id":"https:\/\/blog.cadernointeligente.pt\/wp\/2025\/06\/27\/as-mellhores-ferias-de-verao-sao-as-tuas\/#primaryimage"},"thumbnailUrl":"https:\/\/i0.wp.com\/blog.cadernointeligente.pt\/wp\/wp-content\/uploads\/2025\/06\/25_06-art-blog-cipt.jpg?fit=420%2C297&ssl=1","datePublished":"2025-06-27T13:20:42+00:00","dateModified":"2025-06-27T13:20:45+00:00","description":"O ver\u00e3o chegou e com ele vem as f\u00e9rias de ver\u00e3o e aquela vontade de aproveitar os dias longos e criar mem\u00f3rias incr\u00edveis! -","breadcrumb":{"@id":"https:\/\/blog.cadernointeligente.pt\/wp\/2025\/06\/27\/as-mellhores-ferias-de-verao-sao-as-tuas\/#breadcrumb"},"inLanguage":"pt-PT","potentialAction":[{"@type":"ReadAction","target":["https:\/\/blog.cadernointeligente.pt\/wp\/2025\/06\/27\/as-mellhores-ferias-de-verao-sao-as-tuas\/"]}]},{"@type":"ImageObject","inLanguage":"pt-PT","@id":"https:\/\/blog.cadernointeligente.pt\/wp\/2025\/06\/27\/as-mellhores-ferias-de-verao-sao-as-tuas\/#primaryimage","url":"https:\/\/i0.wp.com\/blog.cadernointeligente.pt\/wp\/wp-content\/uploads\/2025\/06\/25_06-art-blog-cipt.jpg?fit=420%2C297&ssl=1","contentUrl":"https:\/\/i0.wp.com\/blog.cadernointeligente.pt\/wp\/wp-content\/uploads\/2025\/06\/25_06-art-blog-cipt.jpg?fit=420%2C297&ssl=1","width":420,"height":297},{"@type":"BreadcrumbList","@id":"https:\/\/blog.cadernointeligente.pt\/wp\/2025\/06\/27\/as-mellhores-ferias-de-verao-sao-as-tuas\/#breadcrumb","itemListElement":[{"@type":"ListItem","position":1,"name":"In\u00edcio","item":"https:\/\/blog.cadernointeligente.pt\/wp\/"},{"@type":"ListItem","position":2,"name":"As melhores f\u00e9rias de ver\u00e3o s\u00e3o as tuas!"}]},{"@type":"WebSite","@id":"https:\/\/blog.cadernointeligente.pt\/wp\/#website","url":"https:\/\/blog.cadernointeligente.pt\/wp\/","name":"Caderno Inteligente","description":"Blog do Caderno Inteligente Portugal","publisher":{"@id":"https:\/\/blog.cadernointeligente.pt\/wp\/#organization"},"potentialAction":[{"@type":"SearchAction","target":{"@type":"EntryPoint","urlTemplate":"https:\/\/blog.cadernointeligente.pt\/wp\/?s={search_term_string}"},"query-input":{"@type":"PropertyValueSpecification","valueRequired":true,"valueName":"search_term_string"}}],"inLanguage":"pt-PT"},{"@type":"Organization","@id":"https:\/\/blog.cadernointeligente.pt\/wp\/#organization","name":"Caderno Inteligente Portugal","url":"https:\/\/blog.cadernointeligente.pt\/wp\/","logo":{"@type":"ImageObject","inLanguage":"pt-PT","@id":"https:\/\/blog.cadernointeligente.pt\/wp\/#\/schema\/logo\/image\/","url":"https:\/\/i0.wp.com\/blog.cadernointeligente.pt\/wp\/wp-content\/uploads\/2020\/03\/logotipo-Caderno-Inteligente.png?fit=1067%2C1067&ssl=1","contentUrl":"https:\/\/i0.wp.com\/blog.cadernointeligente.pt\/wp\/wp-content\/uploads\/2020\/03\/logotipo-Caderno-Inteligente.png?fit=1067%2C1067&ssl=1","width":1067,"height":1067,"caption":"Caderno Inteligente Portugal"},"image":{"@id":"https:\/\/blog.cadernointeligente.pt\/wp\/#\/schema\/logo\/image\/"},"sameAs":["https:\/\/www.instagram.com\/cadernointeligente_pt\/"]},{"@type":"Person","@id":"https:\/\/blog.cadernointeligente.pt\/wp\/#\/schema\/person\/9b11f867ba3e04ebf37a7ee54a0cd952","name":"A Equipa Caderno Inteligente","image":{"@type":"ImageObject","inLanguage":"pt-PT","@id":"https:\/\/secure.gravatar.com\/avatar\/4bebf6a69d1b22fd55b87931871ce0c395a0860100a8f99c1c394c5050f99666?s=96&d=mm&r=g","url":"https:\/\/secure.gravatar.com\/avatar\/4bebf6a69d1b22fd55b87931871ce0c395a0860100a8f99c1c394c5050f99666?s=96&d=mm&r=g","contentUrl":"https:\/\/secure.gravatar.com\/avatar\/4bebf6a69d1b22fd55b87931871ce0c395a0860100a8f99c1c394c5050f99666?s=96&d=mm&r=g","caption":"A Equipa Caderno Inteligente"},"url":"https:\/\/blog.cadernointeligente.pt\/wp\/author\/mariana-monteiro\/"}]}},"jetpack_featured_media_url":"https:\/\/i0.wp.com\/blog.cadernointeligente.pt\/wp\/wp-content\/uploads\/2025\/06\/25_06-art-blog-cipt.jpg?fit=420%2C297&ssl=1","jetpack_sharing_enabled":true,"_links":{"self":[{"href":"https:\/\/blog.cadernointeligente.pt\/wp\/wp-json\/wp\/v2\/posts\/10955","targetHints":{"allow":["GET"]}}],"collection":[{"href":"https:\/\/blog.cadernointeligente.pt\/wp\/wp-json\/wp\/v2\/posts"}],"about":[{"href":"https:\/\/blog.cadernointeligente.pt\/wp\/wp-json\/wp\/v2\/types\/post"}],"author":[{"embeddable":true,"href":"https:\/\/blog.cadernointeligente.pt\/wp\/wp-json\/wp\/v2\/users\/7"}],"replies":[{"embeddable":true,"href":"https:\/\/blog.cadernointeligente.pt\/wp\/wp-json\/wp\/v2\/comments?post=10955"}],"version-history":[{"count":0,"href":"https:\/\/blog.cadernointeligente.pt\/wp\/wp-json\/wp\/v2\/posts\/10955\/revisions"}],"wp:featuredmedia":[{"embeddable":true,"href":"https:\/\/blog.cadernointeligente.pt\/wp\/wp-json\/wp\/v2\/media\/10972"}],"wp:attachment":[{"href":"https:\/\/blog.cadernointeligente.pt\/wp\/wp-json\/wp\/v2\/media?parent=10955"}],"wp:term":[{"taxonomy":"category","embeddable":true,"href":"https:\/\/blog.cadernointeligente.pt\/wp\/wp-json\/wp\/v2\/categories?post=10955"},{"taxonomy":"post_tag","embeddable":true,"href":"https:\/\/blog.cadernointeligente.pt\/wp\/wp-json\/wp\/v2\/tags?post=10955"}],"curies":[{"name":"wp","href":"https:\/\/api.w.org\/{rel}","templated":true}]}}