{"id":10443,"date":"2025-02-14T16:46:43","date_gmt":"2025-02-14T16:46:43","guid":{"rendered":"https:\/\/blog.cadernointeligente.pt\/wp\/?p=10443"},"modified":"2025-02-14T16:47:11","modified_gmt":"2025-02-14T16:47:11","slug":"dates-and-solo-dates-ideas","status":"publish","type":"post","link":"https:\/\/blog.cadernointeligente.pt\/wp\/2025\/02\/14\/dates-and-solo-dates-ideas\/","title":{"rendered":"Dates and Solo dates Ideas"},"content":{"rendered":"\n<p>Hoje \u00e9 dia de S\u00e3o Valentim \ud83c\udf39\ud83d\udc8c E seja com a tua cara metade, amigos ou at\u00e9 sozinho o importante \u00e9 celebrar o amor, seja ele na forma que for \u2764\ufe0f<\/p>\n\n\n\n<p>No Caderno Inteligente adoramos transformar qualquer momento numa experi\u00eancia que vale a pena ser registrada! Ent\u00e3o, que tal inspirares-te nas nossas ideias de <strong><mark style=\"background-color:rgba(0, 0, 0, 0)\" class=\"has-inline-color has-vivid-purple-color\"><em>dates<\/em> <\/mark><\/strong>e <em><mark style=\"background-color:rgba(0, 0, 0, 0)\" class=\"has-inline-color has-vivid-purple-color\"><strong>solo dates<\/strong> <\/mark><\/em>para celebrar o amor neste dia especial? \ud83e\udd70<\/p>\n\n\n\n<h2 class=\"wp-block-heading\">Dates com a tua cara metade<\/h2>\n\n\n\n<h3 class=\"wp-block-heading\">Piquenique no Parque <\/h3>\n\n\n\n<p>Nada melhor que um piquenique num parque bonito, onde podem apanhar ar puro e aproveitar a natureza! Disfrutam de um momento a dois, com alguns snacks, uma m\u00fasica de fundo e at\u00e9 alguma atividade divertida! \ud83d\ude0d<\/p>\n\n\n\n<p>Podem levar o vosso <a href=\"https:\/\/cadernointeligente.pt\/c\/caderno\">CI<\/a> e fazerem um retrato um do outro e oferecer como presente, ou jogarem jogos divertidos e que alegrem ainda mais o vosso date \ud83d\udc98\ud83c\udfa8<\/p>\n\n\n\n<h3 class=\"wp-block-heading\">Cinema em Casa<\/h3>\n\n\n\n<p>Sabemos que em fevereiro e tempo n\u00e3o \u00e9 certo, e se a chuva n\u00e3o te deixar sair, h\u00e1 imensas coisas que podem fazer dentro da vossa pr\u00f3pria casa! <\/p>\n\n\n\n<p>Criem um ambiente cozy, com umas mantinhas, umas velas\/luzinhas, alguns snacks e bebidas. Escolham um filme rom\u00e2ntico, ou um que voc\u00eas nunca se cansem de ver juntos e aproveitem esse tempinho a dois \ud83e\udd70\ud83c\udfa5\u2764\ufe0f<\/p>\n\n\n\n<h3 class=\"wp-block-heading\">Jantar \u00e0 luz das velas<\/h3>\n\n\n\n<p>Sabemos que neste dia em espec\u00edfico, jantar fora pode ficar um bocadinho caro. Por isso, trouxemos-te uma ideia de date diferente e que pode tornar-se muito divertido e especial \ud83d\ude1a<\/p>\n\n\n\n<p>Depois de uma tarde de filmes e s\u00e9ries, porque n\u00e3o cozinharem juntos o vosso jantar rom\u00e2ntico? \ud83d\udc95 At\u00e9 podem cada um de voc\u00eas escolher um prato e fazer uma competi\u00e7\u00e3o de quem cozinha melhor ehehO importante \u00e9 mesmo divertirem-se e criarem mem\u00f3rias vossas que fiquem para sempre \ud83e\udd70<\/p>\n\n\n\n<p>E se se surpreenderem com algum dos dotes de cozinheiro um do outro, at\u00e9 podem come\u00e7ar a criar o vosso pr\u00f3prio caderno de receitas no vosso<a href=\"https:\/\/blog.cadernointeligente.pt\/wp\/2020\/03\/26\/o-que-e-o-caderno-inteligente-o-original\/\"> CI<\/a>, e escrev\u00ea-las juntas \ud83c\udf7d\ufe0f\ud83d\ude0b<\/p>\n\n\n\n<h3 class=\"wp-block-heading\">Cartas para o futuro &#8220;eu&#8221;<\/h3>\n\n\n<div class=\"wp-block-image\">\n<figure class=\"alignright size-full is-resized\"><img data-recalc-dims=\"1\" loading=\"lazy\" decoding=\"async\" width=\"358\" height=\"484\" src=\"https:\/\/i0.wp.com\/blog.cadernointeligente.pt\/wp\/wp-content\/uploads\/2025\/02\/Screenshot_25.png?resize=358%2C484&#038;ssl=1\" alt=\"dates - jantar rom\u00e2ntico\" class=\"wp-image-10455\" style=\"width:190px;height:auto\" srcset=\"https:\/\/i0.wp.com\/blog.cadernointeligente.pt\/wp\/wp-content\/uploads\/2025\/02\/Screenshot_25.png?w=358&amp;ssl=1 358w, https:\/\/i0.wp.com\/blog.cadernointeligente.pt\/wp\/wp-content\/uploads\/2025\/02\/Screenshot_25.png?resize=222%2C300&amp;ssl=1 222w\" sizes=\"auto, (max-width: 358px) 100vw, 358px\" \/><\/figure>\n<\/div>\n\n\n<p>Esta \u00e9 uma atividade muito gira que podes fazer com a tua pessoa especial, onde s\u00f3 precisam de escreverem cartas para voc\u00eas pr\u00f3prios ou para a vossa rela\u00e7\u00e3o e l\u00eaem-na na noite de S\u00e3o Valentim do pr\u00f3ximo ano! \ud83e\udd70<\/p>\n\n\n\n<p>Podes usar o teu Inteligine para escrever pequenos bilhetes com frases, resolu\u00e7\u00f5es ou algo que aches que o teu\/vosso &#8220;eu do futuro&#8221; vai gostar de ouvir \ud83d\udc95<\/p>\n\n\n\n<h2 class=\"wp-block-heading\">Solo Dates <\/h2>\n\n\n\n<p>E quem te disse que o dia de S\u00e3o Valentim \u00e9 s\u00f3 para os casais? \ud83d\udc40 <\/p>\n\n\n\n<p>O Dia de S\u00e3o Valentim tamb\u00e9m \u00e9 sobre amor pr\u00f3prio e celebrar quem tu \u00e9s. Ent\u00e3o, bora arriscar num <em>solo date<\/em> super divertido e que te vai fazer se sentir incr\u00edvel? \ud83c\udf1f<\/p>\n\n\n\n<h3 class=\"wp-block-heading\">Spa Night <\/h3>\n\n\n<div class=\"wp-block-image\">\n<figure class=\"alignleft size-full is-resized\"><img data-recalc-dims=\"1\" loading=\"lazy\" decoding=\"async\" width=\"425\" height=\"493\" src=\"https:\/\/i0.wp.com\/blog.cadernointeligente.pt\/wp\/wp-content\/uploads\/2025\/02\/Screenshot_23-2.png?resize=425%2C493&#038;ssl=1\" alt=\"\" class=\"wp-image-10456\" style=\"width:149px;height:auto\" srcset=\"https:\/\/i0.wp.com\/blog.cadernointeligente.pt\/wp\/wp-content\/uploads\/2025\/02\/Screenshot_23-2.png?w=425&amp;ssl=1 425w, https:\/\/i0.wp.com\/blog.cadernointeligente.pt\/wp\/wp-content\/uploads\/2025\/02\/Screenshot_23-2.png?resize=259%2C300&amp;ssl=1 259w\" sizes=\"auto, (max-width: 425px) 100vw, 425px\" \/><\/figure>\n<\/div>\n\n\n<p>Se adoras cuidar de ti, vais adorar um solo date destes! Dedica a tua noite para cuidar de ti, toma um banho relaxante, faz uma m\u00e1scara facial, uma hidrata\u00e7\u00e3o ao cabelo e tudo o que tu quiseres!<\/p>\n\n\n\n<p>N\u00e3o te esque\u00e7as de acender algumas velas e deixar o ambiente mais acolhedor, n\u00e3o \u00e9 por estares sozinho que n\u00e3o mereces esse miminho \ud83d\udc85<\/p>\n\n\n\n<h3 class=\"wp-block-heading\">Maratona de S\u00e9ries\/ Filmes<\/h3>\n\n\n\n<p>Prepara uma maratona de filmes ou s\u00e9ries e cria um clima aconchegante em tua casa! Escolhe aqueles filmes que te tocam no cora\u00e7\u00e3o seja de chorar at\u00e9 ficares inchada ou de rir at\u00e9 doer a barriga! Prepara alguns snacks e bebidas para ires petiscando ao longo da tua sess\u00e3o de cinema! \ud83c\udfa5\ud83d\udc96 Quem disse que um solo date n\u00e3o pode ser divertido? \u2728<\/p>\n\n\n\n<h3 class=\"wp-block-heading\">Jantar especial<\/h3>\n\n\n\n<p>Quem disse que n\u00e3o podias ter um jantar rom\u00e2ntico se estiveres solteiro? Essa pessoa enganou-te bem eheh<\/p>\n\n\n\n<p>Encomenda uma comida que gostes, prepara uma mesa bonita, poe-te confort\u00e1vel e deixa uma m\u00fasica ambiente a tocar no fundo! \u00c0s vezes n\u00f3s somos a nossa melhor companhia, e tamb\u00e9m devemos ser rom\u00e2nticos com n\u00f3s pr\u00f3prios \ud83d\udc96 <\/p>\n\n\n\n<h2 class=\"wp-block-heading\">Para acabar com Amor<\/h2>\n\n\n\n<p>Podes celebrar o Dia de S\u00e3o Valentim da forma que tu quiseres! Seja com um <em>date<\/em> criativo para a tua cara metade ou um <em>solo date<\/em> cheio de amor pr\u00f3prio!<\/p>\n\n\n\n<p>A dica \u00e9 sempre aproveitares o momento de uma forma \u00fanica e com muito amor, seja da maneira que for \ud83c\udf1f <br><br>Este dia \u00e9 uma oportunidade para expressarmos carinho pelas pessoas especiais que temos na nossa vida, sejam namorados, amigos, fam\u00edlia ou n\u00f3s pr\u00f3prios! Mas n\u00e3o te esque\u00e7as, o amor \u00e9 uma sementinha que, depois de ser plantada, tem de ser cuidada todos os dias \ud83d\udc96<\/p>\n\n\n\n<p>Um beijinho e um Feliz S\u00e3o Valentim! \u00a0\ud83d\udc96<\/p>\n\n\n\n<p> <\/p>\n\n\n\n<p><\/p>\n","protected":false},"excerpt":{"rendered":"<p>Hoje \u00e9 dia de S\u00e3o Valentim \ud83c\udf39\ud83d\udc8c E seja com a tua cara metade, amigos ou at\u00e9 sozinho o importante&hellip;<\/p>\n","protected":false},"author":5,"featured_media":10458,"comment_status":"open","ping_status":"open","sticky":false,"template":"","format":"standard","meta":{"jetpack_post_was_ever_published":false,"_jetpack_newsletter_access":"","_jetpack_dont_email_post_to_subs":false,"_jetpack_newsletter_tier_id":0,"_jetpack_memberships_contains_paywalled_content":false,"_jetpack_memberships_contains_paid_content":false,"footnotes":""},"categories":[51],"tags":[5,6,7,1105,642,1104],"class_list":["post-10443","post","type-post","status-publish","format-standard","has-post-thumbnail","hentry","category-cilovers","tag-caderno-inteligente","tag-caderno-inteligente-portugal","tag-caderno-inteligente-pt","tag-dates","tag-dia-dos-namorados","tag-sao-valentim-2"],"yoast_head":"<!-- This site is optimized with the Yoast SEO plugin v27.2 - https:\/\/yoast.com\/product\/yoast-seo-wordpress\/ -->\n<title>Dates and Solo dates Ideas - Caderno Inteligente<\/title>\n<meta name=\"description\" content=\"Hoje \u00e9 dia de S\u00e3o Valentim \ud83c\udf39\ud83d\udc8c E vamos mostrar-te como podes celebrar o amor, em dates e solo dates especiais \u2764\ufe0f-\" \/>\n<meta name=\"robots\" content=\"index, follow, max-snippet:-1, max-image-preview:large, max-video-preview:-1\" \/>\n<link rel=\"canonical\" href=\"https:\/\/blog.cadernointeligente.pt\/wp\/2025\/02\/14\/dates-and-solo-dates-ideas\/\" \/>\n<meta property=\"og:locale\" content=\"pt_PT\" \/>\n<meta property=\"og:type\" content=\"article\" \/>\n<meta property=\"og:title\" content=\"Dates and Solo dates Ideas - Caderno Inteligente\" \/>\n<meta property=\"og:description\" content=\"Hoje \u00e9 dia de S\u00e3o Valentim \ud83c\udf39\ud83d\udc8c E vamos mostrar-te como podes celebrar o amor, em dates e solo dates especiais \u2764\ufe0f-\" \/>\n<meta property=\"og:url\" content=\"https:\/\/blog.cadernointeligente.pt\/wp\/2025\/02\/14\/dates-and-solo-dates-ideas\/\" \/>\n<meta property=\"og:site_name\" content=\"Caderno Inteligente\" \/>\n<meta property=\"article:published_time\" content=\"2025-02-14T16:46:43+00:00\" \/>\n<meta property=\"article:modified_time\" content=\"2025-02-14T16:47:11+00:00\" \/>\n<meta property=\"og:image\" content=\"https:\/\/blog.cadernointeligente.pt\/wp\/wp-content\/uploads\/2025\/02\/ci_artigo_14.2-1.jpg\" \/>\n\t<meta property=\"og:image:width\" content=\"1907\" \/>\n\t<meta property=\"og:image:height\" content=\"1449\" \/>\n\t<meta property=\"og:image:type\" content=\"image\/jpeg\" \/>\n<meta name=\"author\" content=\"A Equipa Caderno Inteligente\" \/>\n<meta name=\"twitter:card\" content=\"summary_large_image\" \/>\n<meta name=\"twitter:label1\" content=\"Escrito por\" \/>\n\t<meta name=\"twitter:data1\" content=\"A Equipa Caderno Inteligente\" \/>\n\t<meta name=\"twitter:label2\" content=\"Tempo estimado de leitura\" \/>\n\t<meta name=\"twitter:data2\" content=\"5 minutos\" \/>\n<script type=\"application\/ld+json\" class=\"yoast-schema-graph\">{\"@context\":\"https:\/\/schema.org\",\"@graph\":[{\"@type\":\"Article\",\"@id\":\"https:\/\/blog.cadernointeligente.pt\/wp\/2025\/02\/14\/dates-and-solo-dates-ideas\/#article\",\"isPartOf\":{\"@id\":\"https:\/\/blog.cadernointeligente.pt\/wp\/2025\/02\/14\/dates-and-solo-dates-ideas\/\"},\"author\":{\"name\":\"A Equipa Caderno Inteligente\",\"@id\":\"https:\/\/blog.cadernointeligente.pt\/wp\/#\/schema\/person\/831932a8c57031f5ffa3616d25da0720\"},\"headline\":\"Dates and Solo dates Ideas\",\"datePublished\":\"2025-02-14T16:46:43+00:00\",\"dateModified\":\"2025-02-14T16:47:11+00:00\",\"mainEntityOfPage\":{\"@id\":\"https:\/\/blog.cadernointeligente.pt\/wp\/2025\/02\/14\/dates-and-solo-dates-ideas\/\"},\"wordCount\":768,\"commentCount\":0,\"publisher\":{\"@id\":\"https:\/\/blog.cadernointeligente.pt\/wp\/#organization\"},\"image\":{\"@id\":\"https:\/\/blog.cadernointeligente.pt\/wp\/2025\/02\/14\/dates-and-solo-dates-ideas\/#primaryimage\"},\"thumbnailUrl\":\"https:\/\/i0.wp.com\/blog.cadernointeligente.pt\/wp\/wp-content\/uploads\/2025\/02\/ci_artigo_14.2-1.jpg?fit=1907%2C1449&ssl=1\",\"keywords\":[\"caderno inteligente\",\"caderno inteligente portugal\",\"caderno inteligente pt\",\"dates\",\"Dia dos Namorados\",\"sao valentim\"],\"articleSection\":[\"#CILovers\"],\"inLanguage\":\"pt-PT\",\"potentialAction\":[{\"@type\":\"CommentAction\",\"name\":\"Comment\",\"target\":[\"https:\/\/blog.cadernointeligente.pt\/wp\/2025\/02\/14\/dates-and-solo-dates-ideas\/#respond\"]}]},{\"@type\":\"WebPage\",\"@id\":\"https:\/\/blog.cadernointeligente.pt\/wp\/2025\/02\/14\/dates-and-solo-dates-ideas\/\",\"url\":\"https:\/\/blog.cadernointeligente.pt\/wp\/2025\/02\/14\/dates-and-solo-dates-ideas\/\",\"name\":\"Dates and Solo dates Ideas - Caderno Inteligente\",\"isPartOf\":{\"@id\":\"https:\/\/blog.cadernointeligente.pt\/wp\/#website\"},\"primaryImageOfPage\":{\"@id\":\"https:\/\/blog.cadernointeligente.pt\/wp\/2025\/02\/14\/dates-and-solo-dates-ideas\/#primaryimage\"},\"image\":{\"@id\":\"https:\/\/blog.cadernointeligente.pt\/wp\/2025\/02\/14\/dates-and-solo-dates-ideas\/#primaryimage\"},\"thumbnailUrl\":\"https:\/\/i0.wp.com\/blog.cadernointeligente.pt\/wp\/wp-content\/uploads\/2025\/02\/ci_artigo_14.2-1.jpg?fit=1907%2C1449&ssl=1\",\"datePublished\":\"2025-02-14T16:46:43+00:00\",\"dateModified\":\"2025-02-14T16:47:11+00:00\",\"description\":\"Hoje \u00e9 dia de S\u00e3o Valentim \ud83c\udf39\ud83d\udc8c E vamos mostrar-te como podes celebrar o amor, em dates e solo dates especiais \u2764\ufe0f-\",\"breadcrumb\":{\"@id\":\"https:\/\/blog.cadernointeligente.pt\/wp\/2025\/02\/14\/dates-and-solo-dates-ideas\/#breadcrumb\"},\"inLanguage\":\"pt-PT\",\"potentialAction\":[{\"@type\":\"ReadAction\",\"target\":[\"https:\/\/blog.cadernointeligente.pt\/wp\/2025\/02\/14\/dates-and-solo-dates-ideas\/\"]}]},{\"@type\":\"ImageObject\",\"inLanguage\":\"pt-PT\",\"@id\":\"https:\/\/blog.cadernointeligente.pt\/wp\/2025\/02\/14\/dates-and-solo-dates-ideas\/#primaryimage\",\"url\":\"https:\/\/i0.wp.com\/blog.cadernointeligente.pt\/wp\/wp-content\/uploads\/2025\/02\/ci_artigo_14.2-1.jpg?fit=1907%2C1449&ssl=1\",\"contentUrl\":\"https:\/\/i0.wp.com\/blog.cadernointeligente.pt\/wp\/wp-content\/uploads\/2025\/02\/ci_artigo_14.2-1.jpg?fit=1907%2C1449&ssl=1\",\"width\":1907,\"height\":1449},{\"@type\":\"BreadcrumbList\",\"@id\":\"https:\/\/blog.cadernointeligente.pt\/wp\/2025\/02\/14\/dates-and-solo-dates-ideas\/#breadcrumb\",\"itemListElement\":[{\"@type\":\"ListItem\",\"position\":1,\"name\":\"In\u00edcio\",\"item\":\"https:\/\/blog.cadernointeligente.pt\/wp\/\"},{\"@type\":\"ListItem\",\"position\":2,\"name\":\"Dates and Solo dates Ideas\"}]},{\"@type\":\"WebSite\",\"@id\":\"https:\/\/blog.cadernointeligente.pt\/wp\/#website\",\"url\":\"https:\/\/blog.cadernointeligente.pt\/wp\/\",\"name\":\"Caderno Inteligente\",\"description\":\"Blog do Caderno Inteligente Portugal\",\"publisher\":{\"@id\":\"https:\/\/blog.cadernointeligente.pt\/wp\/#organization\"},\"potentialAction\":[{\"@type\":\"SearchAction\",\"target\":{\"@type\":\"EntryPoint\",\"urlTemplate\":\"https:\/\/blog.cadernointeligente.pt\/wp\/?s={search_term_string}\"},\"query-input\":{\"@type\":\"PropertyValueSpecification\",\"valueRequired\":true,\"valueName\":\"search_term_string\"}}],\"inLanguage\":\"pt-PT\"},{\"@type\":\"Organization\",\"@id\":\"https:\/\/blog.cadernointeligente.pt\/wp\/#organization\",\"name\":\"Caderno Inteligente Portugal\",\"url\":\"https:\/\/blog.cadernointeligente.pt\/wp\/\",\"logo\":{\"@type\":\"ImageObject\",\"inLanguage\":\"pt-PT\",\"@id\":\"https:\/\/blog.cadernointeligente.pt\/wp\/#\/schema\/logo\/image\/\",\"url\":\"https:\/\/i0.wp.com\/blog.cadernointeligente.pt\/wp\/wp-content\/uploads\/2020\/03\/logotipo-Caderno-Inteligente.png?fit=1067%2C1067&ssl=1\",\"contentUrl\":\"https:\/\/i0.wp.com\/blog.cadernointeligente.pt\/wp\/wp-content\/uploads\/2020\/03\/logotipo-Caderno-Inteligente.png?fit=1067%2C1067&ssl=1\",\"width\":1067,\"height\":1067,\"caption\":\"Caderno Inteligente Portugal\"},\"image\":{\"@id\":\"https:\/\/blog.cadernointeligente.pt\/wp\/#\/schema\/logo\/image\/\"},\"sameAs\":[\"https:\/\/www.instagram.com\/cadernointeligente_pt\/\"]},{\"@type\":\"Person\",\"@id\":\"https:\/\/blog.cadernointeligente.pt\/wp\/#\/schema\/person\/831932a8c57031f5ffa3616d25da0720\",\"name\":\"A Equipa Caderno Inteligente\",\"image\":{\"@type\":\"ImageObject\",\"inLanguage\":\"pt-PT\",\"@id\":\"https:\/\/secure.gravatar.com\/avatar\/10c873afe452e498c86116d1c5eaf189a1c96980e8c26dd34e5ff27882e022b1?s=96&d=mm&r=g\",\"url\":\"https:\/\/secure.gravatar.com\/avatar\/10c873afe452e498c86116d1c5eaf189a1c96980e8c26dd34e5ff27882e022b1?s=96&d=mm&r=g\",\"contentUrl\":\"https:\/\/secure.gravatar.com\/avatar\/10c873afe452e498c86116d1c5eaf189a1c96980e8c26dd34e5ff27882e022b1?s=96&d=mm&r=g\",\"caption\":\"A Equipa Caderno Inteligente\"},\"url\":\"https:\/\/blog.cadernointeligente.pt\/wp\/author\/andreia-costa\/\"}]}<\/script>\n<!-- \/ Yoast SEO plugin. -->","yoast_head_json":{"title":"Dates and Solo dates Ideas - Caderno Inteligente","description":"Hoje \u00e9 dia de S\u00e3o Valentim \ud83c\udf39\ud83d\udc8c E vamos mostrar-te como podes celebrar o amor, em dates e solo dates especiais \u2764\ufe0f-","robots":{"index":"index","follow":"follow","max-snippet":"max-snippet:-1","max-image-preview":"max-image-preview:large","max-video-preview":"max-video-preview:-1"},"canonical":"https:\/\/blog.cadernointeligente.pt\/wp\/2025\/02\/14\/dates-and-solo-dates-ideas\/","og_locale":"pt_PT","og_type":"article","og_title":"Dates and Solo dates Ideas - Caderno Inteligente","og_description":"Hoje \u00e9 dia de S\u00e3o Valentim \ud83c\udf39\ud83d\udc8c E vamos mostrar-te como podes celebrar o amor, em dates e solo dates especiais \u2764\ufe0f-","og_url":"https:\/\/blog.cadernointeligente.pt\/wp\/2025\/02\/14\/dates-and-solo-dates-ideas\/","og_site_name":"Caderno Inteligente","article_published_time":"2025-02-14T16:46:43+00:00","article_modified_time":"2025-02-14T16:47:11+00:00","og_image":[{"width":1907,"height":1449,"url":"https:\/\/blog.cadernointeligente.pt\/wp\/wp-content\/uploads\/2025\/02\/ci_artigo_14.2-1.jpg","type":"image\/jpeg"}],"author":"A Equipa Caderno Inteligente","twitter_card":"summary_large_image","twitter_misc":{"Escrito por":"A Equipa Caderno Inteligente","Tempo estimado de leitura":"5 minutos"},"schema":{"@context":"https:\/\/schema.org","@graph":[{"@type":"Article","@id":"https:\/\/blog.cadernointeligente.pt\/wp\/2025\/02\/14\/dates-and-solo-dates-ideas\/#article","isPartOf":{"@id":"https:\/\/blog.cadernointeligente.pt\/wp\/2025\/02\/14\/dates-and-solo-dates-ideas\/"},"author":{"name":"A Equipa Caderno Inteligente","@id":"https:\/\/blog.cadernointeligente.pt\/wp\/#\/schema\/person\/831932a8c57031f5ffa3616d25da0720"},"headline":"Dates and Solo dates Ideas","datePublished":"2025-02-14T16:46:43+00:00","dateModified":"2025-02-14T16:47:11+00:00","mainEntityOfPage":{"@id":"https:\/\/blog.cadernointeligente.pt\/wp\/2025\/02\/14\/dates-and-solo-dates-ideas\/"},"wordCount":768,"commentCount":0,"publisher":{"@id":"https:\/\/blog.cadernointeligente.pt\/wp\/#organization"},"image":{"@id":"https:\/\/blog.cadernointeligente.pt\/wp\/2025\/02\/14\/dates-and-solo-dates-ideas\/#primaryimage"},"thumbnailUrl":"https:\/\/i0.wp.com\/blog.cadernointeligente.pt\/wp\/wp-content\/uploads\/2025\/02\/ci_artigo_14.2-1.jpg?fit=1907%2C1449&ssl=1","keywords":["caderno inteligente","caderno inteligente portugal","caderno inteligente pt","dates","Dia dos Namorados","sao valentim"],"articleSection":["#CILovers"],"inLanguage":"pt-PT","potentialAction":[{"@type":"CommentAction","name":"Comment","target":["https:\/\/blog.cadernointeligente.pt\/wp\/2025\/02\/14\/dates-and-solo-dates-ideas\/#respond"]}]},{"@type":"WebPage","@id":"https:\/\/blog.cadernointeligente.pt\/wp\/2025\/02\/14\/dates-and-solo-dates-ideas\/","url":"https:\/\/blog.cadernointeligente.pt\/wp\/2025\/02\/14\/dates-and-solo-dates-ideas\/","name":"Dates and Solo dates Ideas - Caderno Inteligente","isPartOf":{"@id":"https:\/\/blog.cadernointeligente.pt\/wp\/#website"},"primaryImageOfPage":{"@id":"https:\/\/blog.cadernointeligente.pt\/wp\/2025\/02\/14\/dates-and-solo-dates-ideas\/#primaryimage"},"image":{"@id":"https:\/\/blog.cadernointeligente.pt\/wp\/2025\/02\/14\/dates-and-solo-dates-ideas\/#primaryimage"},"thumbnailUrl":"https:\/\/i0.wp.com\/blog.cadernointeligente.pt\/wp\/wp-content\/uploads\/2025\/02\/ci_artigo_14.2-1.jpg?fit=1907%2C1449&ssl=1","datePublished":"2025-02-14T16:46:43+00:00","dateModified":"2025-02-14T16:47:11+00:00","description":"Hoje \u00e9 dia de S\u00e3o Valentim \ud83c\udf39\ud83d\udc8c E vamos mostrar-te como podes celebrar o amor, em dates e solo dates especiais \u2764\ufe0f-","breadcrumb":{"@id":"https:\/\/blog.cadernointeligente.pt\/wp\/2025\/02\/14\/dates-and-solo-dates-ideas\/#breadcrumb"},"inLanguage":"pt-PT","potentialAction":[{"@type":"ReadAction","target":["https:\/\/blog.cadernointeligente.pt\/wp\/2025\/02\/14\/dates-and-solo-dates-ideas\/"]}]},{"@type":"ImageObject","inLanguage":"pt-PT","@id":"https:\/\/blog.cadernointeligente.pt\/wp\/2025\/02\/14\/dates-and-solo-dates-ideas\/#primaryimage","url":"https:\/\/i0.wp.com\/blog.cadernointeligente.pt\/wp\/wp-content\/uploads\/2025\/02\/ci_artigo_14.2-1.jpg?fit=1907%2C1449&ssl=1","contentUrl":"https:\/\/i0.wp.com\/blog.cadernointeligente.pt\/wp\/wp-content\/uploads\/2025\/02\/ci_artigo_14.2-1.jpg?fit=1907%2C1449&ssl=1","width":1907,"height":1449},{"@type":"BreadcrumbList","@id":"https:\/\/blog.cadernointeligente.pt\/wp\/2025\/02\/14\/dates-and-solo-dates-ideas\/#breadcrumb","itemListElement":[{"@type":"ListItem","position":1,"name":"In\u00edcio","item":"https:\/\/blog.cadernointeligente.pt\/wp\/"},{"@type":"ListItem","position":2,"name":"Dates and Solo dates Ideas"}]},{"@type":"WebSite","@id":"https:\/\/blog.cadernointeligente.pt\/wp\/#website","url":"https:\/\/blog.cadernointeligente.pt\/wp\/","name":"Caderno Inteligente","description":"Blog do Caderno Inteligente Portugal","publisher":{"@id":"https:\/\/blog.cadernointeligente.pt\/wp\/#organization"},"potentialAction":[{"@type":"SearchAction","target":{"@type":"EntryPoint","urlTemplate":"https:\/\/blog.cadernointeligente.pt\/wp\/?s={search_term_string}"},"query-input":{"@type":"PropertyValueSpecification","valueRequired":true,"valueName":"search_term_string"}}],"inLanguage":"pt-PT"},{"@type":"Organization","@id":"https:\/\/blog.cadernointeligente.pt\/wp\/#organization","name":"Caderno Inteligente Portugal","url":"https:\/\/blog.cadernointeligente.pt\/wp\/","logo":{"@type":"ImageObject","inLanguage":"pt-PT","@id":"https:\/\/blog.cadernointeligente.pt\/wp\/#\/schema\/logo\/image\/","url":"https:\/\/i0.wp.com\/blog.cadernointeligente.pt\/wp\/wp-content\/uploads\/2020\/03\/logotipo-Caderno-Inteligente.png?fit=1067%2C1067&ssl=1","contentUrl":"https:\/\/i0.wp.com\/blog.cadernointeligente.pt\/wp\/wp-content\/uploads\/2020\/03\/logotipo-Caderno-Inteligente.png?fit=1067%2C1067&ssl=1","width":1067,"height":1067,"caption":"Caderno Inteligente Portugal"},"image":{"@id":"https:\/\/blog.cadernointeligente.pt\/wp\/#\/schema\/logo\/image\/"},"sameAs":["https:\/\/www.instagram.com\/cadernointeligente_pt\/"]},{"@type":"Person","@id":"https:\/\/blog.cadernointeligente.pt\/wp\/#\/schema\/person\/831932a8c57031f5ffa3616d25da0720","name":"A Equipa Caderno Inteligente","image":{"@type":"ImageObject","inLanguage":"pt-PT","@id":"https:\/\/secure.gravatar.com\/avatar\/10c873afe452e498c86116d1c5eaf189a1c96980e8c26dd34e5ff27882e022b1?s=96&d=mm&r=g","url":"https:\/\/secure.gravatar.com\/avatar\/10c873afe452e498c86116d1c5eaf189a1c96980e8c26dd34e5ff27882e022b1?s=96&d=mm&r=g","contentUrl":"https:\/\/secure.gravatar.com\/avatar\/10c873afe452e498c86116d1c5eaf189a1c96980e8c26dd34e5ff27882e022b1?s=96&d=mm&r=g","caption":"A Equipa Caderno Inteligente"},"url":"https:\/\/blog.cadernointeligente.pt\/wp\/author\/andreia-costa\/"}]}},"jetpack_featured_media_url":"https:\/\/i0.wp.com\/blog.cadernointeligente.pt\/wp\/wp-content\/uploads\/2025\/02\/ci_artigo_14.2-1.jpg?fit=1907%2C1449&ssl=1","jetpack_sharing_enabled":true,"_links":{"self":[{"href":"https:\/\/blog.cadernointeligente.pt\/wp\/wp-json\/wp\/v2\/posts\/10443","targetHints":{"allow":["GET"]}}],"collection":[{"href":"https:\/\/blog.cadernointeligente.pt\/wp\/wp-json\/wp\/v2\/posts"}],"about":[{"href":"https:\/\/blog.cadernointeligente.pt\/wp\/wp-json\/wp\/v2\/types\/post"}],"author":[{"embeddable":true,"href":"https:\/\/blog.cadernointeligente.pt\/wp\/wp-json\/wp\/v2\/users\/5"}],"replies":[{"embeddable":true,"href":"https:\/\/blog.cadernointeligente.pt\/wp\/wp-json\/wp\/v2\/comments?post=10443"}],"version-history":[{"count":0,"href":"https:\/\/blog.cadernointeligente.pt\/wp\/wp-json\/wp\/v2\/posts\/10443\/revisions"}],"wp:featuredmedia":[{"embeddable":true,"href":"https:\/\/blog.cadernointeligente.pt\/wp\/wp-json\/wp\/v2\/media\/10458"}],"wp:attachment":[{"href":"https:\/\/blog.cadernointeligente.pt\/wp\/wp-json\/wp\/v2\/media?parent=10443"}],"wp:term":[{"taxonomy":"category","embeddable":true,"href":"https:\/\/blog.cadernointeligente.pt\/wp\/wp-json\/wp\/v2\/categories?post=10443"},{"taxonomy":"post_tag","embeddable":true,"href":"https:\/\/blog.cadernointeligente.pt\/wp\/wp-json\/wp\/v2\/tags?post=10443"}],"curies":[{"name":"wp","href":"https:\/\/api.w.org\/{rel}","templated":true}]}}