{"id":10316,"date":"2025-01-03T16:47:15","date_gmt":"2025-01-03T16:47:15","guid":{"rendered":"https:\/\/blog.cadernointeligente.pt\/wp\/?p=10316"},"modified":"2025-01-03T16:47:17","modified_gmt":"2025-01-03T16:47:17","slug":"organiza-o-teu-ano-com-os-melhores-planners","status":"publish","type":"post","link":"https:\/\/blog.cadernointeligente.pt\/wp\/2025\/01\/03\/organiza-o-teu-ano-com-os-melhores-planners\/","title":{"rendered":"Organiza o teu ano, com os melhores Planners!"},"content":{"rendered":"\n<p>Novo ano, novas rotinas e metas pedem uma organiza\u00e7\u00e3o \u00e0 altura! Se \u00e9s daqueles que adora ter tudo sob controlo, sem deixar nada para tr\u00e1s, os nossos <strong><mark style=\"background-color:rgba(0, 0, 0, 0)\" class=\"has-inline-color has-vivid-purple-color\">Planners<\/mark><\/strong> v\u00e3o ser os teus melhores amigos em 2025! \ud83e\udde0\ud83d\udca1<\/p>\n\n\n\n<p>Imagina ter um espa\u00e7o onde podes planear n\u00e3o s\u00f3 os teus compromissos, mas tamb\u00e9m as tuas metas, os momentos de gratid\u00e3o e as tuas ideias \ud83c\udfaf\ud83c\udf89 Isto tudo num \u00fanico caderno super completo e cheio de estilo \ud83d\ude0e N\u00f3s queremos, e tu, CILover?<\/p>\n\n\n\n<h2 class=\"wp-block-heading\">O que s\u00e3o Planners?<\/h2>\n\n\n<div class=\"wp-block-image\">\n<figure class=\"alignright size-full is-resized\"><img data-recalc-dims=\"1\" loading=\"lazy\" decoding=\"async\" width=\"431\" height=\"300\" src=\"https:\/\/i0.wp.com\/blog.cadernointeligente.pt\/wp\/wp-content\/uploads\/2025\/01\/Screenshot_36.png?resize=431%2C300&#038;ssl=1\" alt=\"planners\" class=\"wp-image-10330\" style=\"width:296px;height:auto\" srcset=\"https:\/\/i0.wp.com\/blog.cadernointeligente.pt\/wp\/wp-content\/uploads\/2025\/01\/Screenshot_36.png?w=431&amp;ssl=1 431w, https:\/\/i0.wp.com\/blog.cadernointeligente.pt\/wp\/wp-content\/uploads\/2025\/01\/Screenshot_36.png?resize=300%2C209&amp;ssl=1 300w\" sizes=\"auto, (max-width: 431px) 100vw, 431px\" \/><\/figure>\n<\/div>\n\n\n<p>Os <a href=\"https:\/\/blog.cadernointeligente.pt\/wp\/2023\/07\/25\/importancia-de-um-planner\/\">Planners<\/a> s\u00e3o \u201cferramentas\u201d que te ajudam a planear e a delinear as tuas tarefas de uma forma mais produtiva e eficiente, seja na tua vida pessoal, escolar ou profissional.<\/p>\n\n\n\n<p>Eles s\u00e3o uma solu\u00e7\u00e3o bastante completa e eficaz porque te permite registar as tuas tarefas di\u00e1rias, semanais, mensais e anuais para que n\u00e3o te esque\u00e7as de nenhum compromisso importante. Para al\u00e9m disso, podes fazer listas e anotar os teus afazeres como idas \u00e0s compras, eventos, viagens, convites, tpc\u2019s entre muitas outras coisas.<\/p>\n\n\n\n<p>E quem n\u00e3o gosta de tra\u00e7ar metas para os seus objetivos? Quando os apontas \u00e9 meio caminho andado para eles ganharem forma!<\/p>\n\n\n\n<h3 class=\"wp-block-heading\">Vantagens de fazer um Planner<\/h3>\n\n\n\n<p>Quando temos objetivos delineados \u00e9 muito importante termos algo onde os consigamos visualizar, por isso, aconselhamos ter um Planner, para observarmos melhor o nosso objetivo. E para os que costumam ter mem\u00f3ria curta, acreditem que vos vai salvar a vida.<\/p>\n\n\n\n<p>Mas vamos descobrir quais s\u00e3o as vantagens de fazer\/ter um?<\/p>\n\n\n\n<ul class=\"wp-block-list\">\n<li><strong><mark style=\"background-color:rgba(0, 0, 0, 0)\" class=\"has-inline-color has-vivid-purple-color\">Podes criar o teu pr\u00f3prio Planner<\/mark><\/strong><br>Agora j\u00e1 existem muitos Planners \u00e0 venda, mas podes sempre optar por fazer o teu pr\u00f3prio, de acordo com teu estilo e as tuas necessidades. Podes organiz\u00e1-lo por temas, cores, objetivos, podes fazer desenhos, tabelas ou quadros. Podes faz\u00ea-lo totalmente ao teu gosto \ud83d\udca1<\/li>\n<\/ul>\n\n\n\n<ul class=\"wp-block-list\">\n<li><strong><mark style=\"background-color:rgba(0, 0, 0, 0)\" class=\"has-inline-color has-vivid-purple-color\">Organiza\u00e7\u00e3o<\/mark><\/strong><br>Organiza\u00e7\u00e3o tamb\u00e9m \u00e9 uma das maiores vantagens. Consegues expor visualmente os teus compromissos e atividades, e para quem sofre de \u201cmem\u00f3ria curta\u201d, \u00e9 a op\u00e7\u00e3o perfeita para n\u00e3o perder nada importante. Podes anotar as tuas tarefas, objetivos, datas especiais, consultas, etc, e dificilmente te vais esquecer das tuas marca\u00e7\u00f5es \ud83d\udcd3<\/li>\n<\/ul>\n\n\n\n<ul class=\"wp-block-list\">\n<li><strong><mark style=\"background-color:rgba(0, 0, 0, 0)\" class=\"has-inline-color has-vivid-purple-color\">Produtividade<\/mark><\/strong><br>Normalmente, quando trabalhamos de uma forma organizada, temos tend\u00eancia a sermos mais produtivos. Ou seja, acabamos por criar uma rotina ao escrever os nossos compromissos ou o que for, e consequentemente \u00e9 mais f\u00e1cil gerirmos e organizarmos o nosso tempo, porque acabamos por n\u00e3o perder tempo com o desnecess\u00e1rio \u2699\ufe0f<\/li>\n<\/ul>\n\n\n\n<h3 class=\"wp-block-heading\">Por que escolher um planner do Caderno Inteligente?<\/h3>\n\n\n\n<p>Primeiro, deixa-nos explicar o segredo da nossa magia \u2728 <strong><em><mark style=\"background-color:rgba(0, 0, 0, 0)\" class=\"has-inline-color has-vivid-purple-color\">personaliza\u00e7\u00e3o, praticidade e estilo<\/mark><\/em><\/strong>! Com os nossos Planners, vais poder planear n\u00e3o s\u00f3 a tua semana, como tamb\u00e9m os teus objetivos a longo prazo, de forma simples e super pr\u00e1tica \ud83d\udcd6\u2728<\/p>\n\n\n\n<p>Os nossos Planners s\u00e3o desenhados para que possas controlar todos os detalhes da tua vida. Desde tarefas di\u00e1rias a metas mensais, de notas r\u00e1pidas a grandes objetivos, tudo est\u00e1 pensado para te ajudar a manter no caminho certo.<\/p>\n\n\n\n<h4 class=\"wp-block-heading\"><strong>Um Planner Personaliz\u00e1vel <\/strong><\/h4>\n\n\n\n<p>Na CI sabemos que cada pessoa tem uma forma \u00fanica de organizar a sua vida e expressar o seu estilo. Por isso, oferecemos v\u00e1rias op\u00e7\u00f5es . Se gostas de um design clean e elegante, ou se preferes algo mais colorido e divertido, temos tudo o que precisas para tornar a organiza\u00e7\u00e3o numa coisa muito mais divertida e especial! <\/p>\n\n\n\n<p><strong><a href=\"https:\/\/cadernointeligente.pt\/p\/planner-ci-lilac-fields-by-sophia-martins-1\">O Planner Lilac Fields by Sof. Martins<\/a><\/strong>, \u00e9 perfeito para quem adora praticidade com um toque de estilo, com folhas de planeamento mensal, semanal ou di\u00e1rio e ainda com espa\u00e7o para definires as tuas metas! Mas, se preferires algo mais direcionado para o teu estilo, como j\u00e1 falamos em cima, o bom do Planner \u00e9 que \u00e9 personaliz\u00e1vel, e no CI, podes fazer tu mesmo, um que se adapte as tuas necessidades.<\/p>\n\n\n\n<p> Ou seja, para al\u00e9m destas op\u00e7\u00f5es que te demos, tu podes montar o teu pr\u00f3prio&nbsp;<a href=\"https:\/\/blog.cadernointeligente.pt\/wp\/2023\/06\/27\/caderno-inteligente-em-diy\/\" target=\"_blank\" rel=\"noreferrer noopener\">diy<\/a>&nbsp;e montar o teu Planner de raiz. Basta escolheres capa e contracapa, discos e el\u00e1stico e as recargas que mais gostares e montares o teu pr\u00f3prio!<\/p>\n\n\n\n<h2 class=\"wp-block-heading\">Dicas para aproveitar ao m\u00e1ximo o teu Planner:<\/h2>\n\n\n\n<ul class=\"wp-block-list\">\n<li><strong><mark style=\"background-color:rgba(0, 0, 0, 0)\" class=\"has-inline-color has-vivid-purple-color\">Define as tuas metas!<\/mark><\/strong> Come\u00e7a o ano com uma vis\u00e3o clara do que queres alcan\u00e7ar. Escreve as tuas grandes metas e divide-as por fases de pequenos passos, f\u00e1ceis de alcan\u00e7ar. \ud83d\ude80<\/li>\n<\/ul>\n\n\n\n<ul class=\"wp-block-list\">\n<li><strong><mark style=\"background-color:rgba(0, 0, 0, 0)\" class=\"has-inline-color has-vivid-purple-color\">Planeia as tuas semanas com anteced\u00eancia!<\/mark><\/strong> No in\u00edcio de cada semana, dedica alguns minutos para organizar tudo o que tens para fazer. Assim, consegues visualizar tudo de uma vez e organizar-te com mais facilidade \ud83d\uddd3\ufe0f<\/li>\n<\/ul>\n\n\n\n<ul class=\"wp-block-list\">\n<li><mark style=\"background-color:rgba(0, 0, 0, 0)\" class=\"has-inline-color has-vivid-purple-color\"><strong>N\u00e3o te esque\u00e7as de ter tempo para ti!<\/strong> <\/mark>A organiza\u00e7\u00e3o n\u00e3o \u00e9 s\u00f3 sobre tarefas ou compromissos. Tamb\u00e9m \u00e9 importante reservares espa\u00e7o para os teus hobbies, descanso e lazer \ud83c\udfb6<\/li>\n<\/ul>\n\n\n\n<ul class=\"wp-block-list\">\n<li><strong><mark style=\"background-color:rgba(0, 0, 0, 0)\" class=\"has-inline-color has-vivid-purple-color\">Personaliza o teu Planner!<\/mark><\/strong> Combina a tua cor favorita de discos com a capa que mais gostas, usa stickers, canetas coloridas e faz anota\u00e7\u00f5es pessoais para tornar a experi\u00eancia ainda mais divertida. O planner \u00e9 teu, ent\u00e3o faz com que seja algo \u00fanico! \ud83e\udd70 Tanto por dentro como por fora!<\/li>\n<\/ul>\n\n\n\n<h2 class=\"wp-block-heading\">Os nossos Planners<\/h2>\n\n\n\n<h3 class=\"wp-block-heading\"><a href=\"https:\/\/cadernointeligente.pt\/p\/planner-ci-lilac-fields-by-sophia-martins\">Lilac Fields by Sophia Martins<\/a><\/h3>\n\n\n<div class=\"wp-block-image is-style-rounded\">\n<figure class=\"alignright size-full is-resized\"><img data-recalc-dims=\"1\" loading=\"lazy\" decoding=\"async\" width=\"343\" height=\"300\" src=\"https:\/\/i0.wp.com\/blog.cadernointeligente.pt\/wp\/wp-content\/uploads\/2024\/08\/Screenshot_34.png?resize=343%2C300&#038;ssl=1\" alt=\"Planner Lilac Fields \" class=\"wp-image-9895\" style=\"width:222px;height:auto\" srcset=\"https:\/\/i0.wp.com\/blog.cadernointeligente.pt\/wp\/wp-content\/uploads\/2024\/08\/Screenshot_34.png?w=343&amp;ssl=1 343w, https:\/\/i0.wp.com\/blog.cadernointeligente.pt\/wp\/wp-content\/uploads\/2024\/08\/Screenshot_34.png?resize=300%2C262&amp;ssl=1 300w\" sizes=\"auto, (max-width: 343px) 100vw, 343px\" \/><\/figure>\n<\/div>\n\n\n<p>Com uma est\u00e9tica clean e delicada, a querida Sophia apresenta as suas reconhecidas <mark style=\"background-color:rgba(0, 0, 0, 0)\" class=\"has-inline-color has-vivid-purple-color\">flores em v\u00e1rios tons de verde e lil\u00e1s<\/mark> que juntos formam um magn\u00edfico campo florido. <\/p>\n\n\n\n<p>Dentro \u00e9 composto por:<\/p>\n\n\n\n<ul class=\"wp-block-list\">\n<li><mark style=\"background-color:rgba(0, 0, 0, 0)\" class=\"has-inline-color has-vivid-purple-color\">P\u00e1ginas de planeamento semanal, mensal e anual<\/mark><\/li>\n\n\n\n<li><mark style=\"background-color:rgba(0, 0, 0, 0)\" class=\"has-inline-color has-vivid-purple-color\">P\u00e1gina de metas e gratid\u00e3o<\/mark><\/li>\n\n\n\n<li><mark style=\"background-color:rgba(0, 0, 0, 0)\" class=\"has-inline-color has-vivid-purple-color\">Folhas lisas e pontilhadas para que possas personalizar a tua maneira<\/mark><\/li>\n\n\n\n<li><mark style=\"background-color:rgba(0, 0, 0, 0)\" class=\"has-inline-color has-vivid-purple-color\">1 bolsa pl\u00e1stica <\/mark><\/li>\n\n\n\n<li><mark style=\"background-color:rgba(0, 0, 0, 0)\" class=\"has-inline-color has-vivid-purple-color\">4 separadores<\/mark><\/li>\n<\/ul>\n\n\n\n<p>E digam l\u00e1 se n\u00e3o \u00e9 o Planner mais amoroso de sempre? \ud83d\ude0d<\/p>\n\n\n\n<h2 class=\"wp-block-heading\">Planner em DIY<\/h2>\n\n\n\n<p>Como j\u00e1 falamos em cima, o bom do Planner \u00e9 que \u00e9 personaliz\u00e1vel, ou seja, podes fazer tu mesmo, um que se adapte as tuas necessidades. Ou seja, para al\u00e9m destas op\u00e7\u00f5es que te demos, tu podes montar o teu pr\u00f3prio&nbsp;<a href=\"https:\/\/blog.cadernointeligente.pt\/wp\/2023\/06\/27\/caderno-inteligente-em-diy\/\" target=\"_blank\" rel=\"noreferrer noopener\">diy<\/a>&nbsp;e montar o teu Planner de raiz.<\/p>\n\n\n\n<p>Os queridinhos s\u00e3o totalmente personaliz\u00e1veis e podes escolher capa e contracapa, discos e el\u00e1stico e as recargas que mais gostares e montares o teu pr\u00f3prio! Podes faz\u00ea-lo atrav\u00e9s do nosso site, ou carregando <a href=\"https:\/\/cadernointeligente.pt\/c\/planner-bullet-journal\">aqui<\/a>.<\/p>\n\n\n\n<h2 class=\"wp-block-heading\">Organiza o teu ano, com os melhores Planners!<\/h2>\n\n\n\n<p>2025 tem tudo para ser \u2728o ano\u2728 mas para isso, precisas de uma boa organiza\u00e7\u00e3o! <\/p>\n\n\n\n<p>Agora que j\u00e1 te demos algumas dicas, que tal pegares no teu planner favorito e come\u00e7ares a planeares o teu ano, m\u00eas ou at\u00e9 mesmo dia? Vais ver que no fim, vai fazer toda a diferen\u00e7a!<\/p>\n\n\n\n<p>N\u00e3o te esque\u00e7as de nos continuar a acompanhar nas nossas <a href=\"https:\/\/www.instagram.com\/cadernointeligente_pt\/\">redes sociais<\/a> e aqui no nosso <a href=\"https:\/\/blog.cadernointeligente.pt\/wp\/\">blog<\/a>!<\/p>\n\n\n\n<p>Um beijinho CILover, e bom ano! \ud83d\udc9c<\/p>\n\n\n\n<p><\/p>\n","protected":false},"excerpt":{"rendered":"<p>Novo ano, novas rotinas e metas pedem uma organiza\u00e7\u00e3o \u00e0 altura! Se \u00e9s daqueles que adora ter tudo sob controlo,&hellip;<\/p>\n","protected":false},"author":5,"featured_media":10335,"comment_status":"open","ping_status":"open","sticky":false,"template":"","format":"standard","meta":{"jetpack_post_was_ever_published":false,"_jetpack_newsletter_access":"","_jetpack_dont_email_post_to_subs":false,"_jetpack_newsletter_tier_id":0,"_jetpack_memberships_contains_paywalled_content":false,"_jetpack_memberships_contains_paid_content":false,"footnotes":""},"categories":[1],"tags":[],"class_list":["post-10316","post","type-post","status-publish","format-standard","has-post-thumbnail","hentry","category-passatempo-caderno-inteligente-we-love-ci"],"yoast_head":"<!-- This site is optimized with the Yoast SEO plugin v27.2 - https:\/\/yoast.com\/product\/yoast-seo-wordpress\/ -->\n<title>Organiza o teu ano, com os melhores Planners! - Caderno Inteligente<\/title>\n<meta name=\"description\" content=\"Queres organizar o teu ano da melhor forma? Para isso vais precisar dos melhores Planners! Vem saber tudo sobre eles!-\" \/>\n<meta name=\"robots\" content=\"index, follow, max-snippet:-1, max-image-preview:large, max-video-preview:-1\" \/>\n<link rel=\"canonical\" href=\"https:\/\/blog.cadernointeligente.pt\/wp\/2025\/01\/03\/organiza-o-teu-ano-com-os-melhores-planners\/\" \/>\n<meta property=\"og:locale\" content=\"pt_PT\" \/>\n<meta property=\"og:type\" content=\"article\" \/>\n<meta property=\"og:title\" content=\"Organiza o teu ano, com os melhores Planners! - Caderno Inteligente\" \/>\n<meta property=\"og:description\" content=\"Queres organizar o teu ano da melhor forma? Para isso vais precisar dos melhores Planners! Vem saber tudo sobre eles!-\" \/>\n<meta property=\"og:url\" content=\"https:\/\/blog.cadernointeligente.pt\/wp\/2025\/01\/03\/organiza-o-teu-ano-com-os-melhores-planners\/\" \/>\n<meta property=\"og:site_name\" content=\"Caderno Inteligente\" \/>\n<meta property=\"article:published_time\" content=\"2025-01-03T16:47:15+00:00\" \/>\n<meta property=\"article:modified_time\" content=\"2025-01-03T16:47:17+00:00\" \/>\n<meta property=\"og:image\" content=\"https:\/\/blog.cadernointeligente.pt\/wp\/wp-content\/uploads\/2025\/01\/ci_artigo_3.1_pt-1-scaled.jpg\" \/>\n\t<meta property=\"og:image:width\" content=\"2560\" \/>\n\t<meta property=\"og:image:height\" content=\"1946\" \/>\n\t<meta property=\"og:image:type\" content=\"image\/jpeg\" \/>\n<meta name=\"author\" content=\"A Equipa Caderno Inteligente\" \/>\n<meta name=\"twitter:card\" content=\"summary_large_image\" \/>\n<meta name=\"twitter:label1\" content=\"Escrito por\" \/>\n\t<meta name=\"twitter:data1\" content=\"A Equipa Caderno Inteligente\" \/>\n\t<meta name=\"twitter:label2\" content=\"Tempo estimado de leitura\" \/>\n\t<meta name=\"twitter:data2\" content=\"7 minutos\" \/>\n<script type=\"application\/ld+json\" class=\"yoast-schema-graph\">{\"@context\":\"https:\/\/schema.org\",\"@graph\":[{\"@type\":\"Article\",\"@id\":\"https:\/\/blog.cadernointeligente.pt\/wp\/2025\/01\/03\/organiza-o-teu-ano-com-os-melhores-planners\/#article\",\"isPartOf\":{\"@id\":\"https:\/\/blog.cadernointeligente.pt\/wp\/2025\/01\/03\/organiza-o-teu-ano-com-os-melhores-planners\/\"},\"author\":{\"name\":\"A Equipa Caderno Inteligente\",\"@id\":\"https:\/\/blog.cadernointeligente.pt\/wp\/#\/schema\/person\/831932a8c57031f5ffa3616d25da0720\"},\"headline\":\"Organiza o teu ano, com os melhores Planners!\",\"datePublished\":\"2025-01-03T16:47:15+00:00\",\"dateModified\":\"2025-01-03T16:47:17+00:00\",\"mainEntityOfPage\":{\"@id\":\"https:\/\/blog.cadernointeligente.pt\/wp\/2025\/01\/03\/organiza-o-teu-ano-com-os-melhores-planners\/\"},\"wordCount\":1134,\"commentCount\":0,\"publisher\":{\"@id\":\"https:\/\/blog.cadernointeligente.pt\/wp\/#organization\"},\"image\":{\"@id\":\"https:\/\/blog.cadernointeligente.pt\/wp\/2025\/01\/03\/organiza-o-teu-ano-com-os-melhores-planners\/#primaryimage\"},\"thumbnailUrl\":\"https:\/\/i0.wp.com\/blog.cadernointeligente.pt\/wp\/wp-content\/uploads\/2025\/01\/ci_artigo_3.1_pt-1-scaled.jpg?fit=2560%2C1946&ssl=1\",\"articleSection\":[\"Passatempo WE\u2764\ufe0fCI\"],\"inLanguage\":\"pt-PT\",\"potentialAction\":[{\"@type\":\"CommentAction\",\"name\":\"Comment\",\"target\":[\"https:\/\/blog.cadernointeligente.pt\/wp\/2025\/01\/03\/organiza-o-teu-ano-com-os-melhores-planners\/#respond\"]}]},{\"@type\":\"WebPage\",\"@id\":\"https:\/\/blog.cadernointeligente.pt\/wp\/2025\/01\/03\/organiza-o-teu-ano-com-os-melhores-planners\/\",\"url\":\"https:\/\/blog.cadernointeligente.pt\/wp\/2025\/01\/03\/organiza-o-teu-ano-com-os-melhores-planners\/\",\"name\":\"Organiza o teu ano, com os melhores Planners! - Caderno Inteligente\",\"isPartOf\":{\"@id\":\"https:\/\/blog.cadernointeligente.pt\/wp\/#website\"},\"primaryImageOfPage\":{\"@id\":\"https:\/\/blog.cadernointeligente.pt\/wp\/2025\/01\/03\/organiza-o-teu-ano-com-os-melhores-planners\/#primaryimage\"},\"image\":{\"@id\":\"https:\/\/blog.cadernointeligente.pt\/wp\/2025\/01\/03\/organiza-o-teu-ano-com-os-melhores-planners\/#primaryimage\"},\"thumbnailUrl\":\"https:\/\/i0.wp.com\/blog.cadernointeligente.pt\/wp\/wp-content\/uploads\/2025\/01\/ci_artigo_3.1_pt-1-scaled.jpg?fit=2560%2C1946&ssl=1\",\"datePublished\":\"2025-01-03T16:47:15+00:00\",\"dateModified\":\"2025-01-03T16:47:17+00:00\",\"description\":\"Queres organizar o teu ano da melhor forma? Para isso vais precisar dos melhores Planners! Vem saber tudo sobre eles!-\",\"breadcrumb\":{\"@id\":\"https:\/\/blog.cadernointeligente.pt\/wp\/2025\/01\/03\/organiza-o-teu-ano-com-os-melhores-planners\/#breadcrumb\"},\"inLanguage\":\"pt-PT\",\"potentialAction\":[{\"@type\":\"ReadAction\",\"target\":[\"https:\/\/blog.cadernointeligente.pt\/wp\/2025\/01\/03\/organiza-o-teu-ano-com-os-melhores-planners\/\"]}]},{\"@type\":\"ImageObject\",\"inLanguage\":\"pt-PT\",\"@id\":\"https:\/\/blog.cadernointeligente.pt\/wp\/2025\/01\/03\/organiza-o-teu-ano-com-os-melhores-planners\/#primaryimage\",\"url\":\"https:\/\/i0.wp.com\/blog.cadernointeligente.pt\/wp\/wp-content\/uploads\/2025\/01\/ci_artigo_3.1_pt-1-scaled.jpg?fit=2560%2C1946&ssl=1\",\"contentUrl\":\"https:\/\/i0.wp.com\/blog.cadernointeligente.pt\/wp\/wp-content\/uploads\/2025\/01\/ci_artigo_3.1_pt-1-scaled.jpg?fit=2560%2C1946&ssl=1\",\"width\":2560,\"height\":1946},{\"@type\":\"BreadcrumbList\",\"@id\":\"https:\/\/blog.cadernointeligente.pt\/wp\/2025\/01\/03\/organiza-o-teu-ano-com-os-melhores-planners\/#breadcrumb\",\"itemListElement\":[{\"@type\":\"ListItem\",\"position\":1,\"name\":\"In\u00edcio\",\"item\":\"https:\/\/blog.cadernointeligente.pt\/wp\/\"},{\"@type\":\"ListItem\",\"position\":2,\"name\":\"Organiza o teu ano, com os melhores Planners!\"}]},{\"@type\":\"WebSite\",\"@id\":\"https:\/\/blog.cadernointeligente.pt\/wp\/#website\",\"url\":\"https:\/\/blog.cadernointeligente.pt\/wp\/\",\"name\":\"Caderno Inteligente\",\"description\":\"Blog do Caderno Inteligente Portugal\",\"publisher\":{\"@id\":\"https:\/\/blog.cadernointeligente.pt\/wp\/#organization\"},\"potentialAction\":[{\"@type\":\"SearchAction\",\"target\":{\"@type\":\"EntryPoint\",\"urlTemplate\":\"https:\/\/blog.cadernointeligente.pt\/wp\/?s={search_term_string}\"},\"query-input\":{\"@type\":\"PropertyValueSpecification\",\"valueRequired\":true,\"valueName\":\"search_term_string\"}}],\"inLanguage\":\"pt-PT\"},{\"@type\":\"Organization\",\"@id\":\"https:\/\/blog.cadernointeligente.pt\/wp\/#organization\",\"name\":\"Caderno Inteligente Portugal\",\"url\":\"https:\/\/blog.cadernointeligente.pt\/wp\/\",\"logo\":{\"@type\":\"ImageObject\",\"inLanguage\":\"pt-PT\",\"@id\":\"https:\/\/blog.cadernointeligente.pt\/wp\/#\/schema\/logo\/image\/\",\"url\":\"https:\/\/i0.wp.com\/blog.cadernointeligente.pt\/wp\/wp-content\/uploads\/2020\/03\/logotipo-Caderno-Inteligente.png?fit=1067%2C1067&ssl=1\",\"contentUrl\":\"https:\/\/i0.wp.com\/blog.cadernointeligente.pt\/wp\/wp-content\/uploads\/2020\/03\/logotipo-Caderno-Inteligente.png?fit=1067%2C1067&ssl=1\",\"width\":1067,\"height\":1067,\"caption\":\"Caderno Inteligente Portugal\"},\"image\":{\"@id\":\"https:\/\/blog.cadernointeligente.pt\/wp\/#\/schema\/logo\/image\/\"},\"sameAs\":[\"https:\/\/www.instagram.com\/cadernointeligente_pt\/\"]},{\"@type\":\"Person\",\"@id\":\"https:\/\/blog.cadernointeligente.pt\/wp\/#\/schema\/person\/831932a8c57031f5ffa3616d25da0720\",\"name\":\"A Equipa Caderno Inteligente\",\"image\":{\"@type\":\"ImageObject\",\"inLanguage\":\"pt-PT\",\"@id\":\"https:\/\/secure.gravatar.com\/avatar\/10c873afe452e498c86116d1c5eaf189a1c96980e8c26dd34e5ff27882e022b1?s=96&d=mm&r=g\",\"url\":\"https:\/\/secure.gravatar.com\/avatar\/10c873afe452e498c86116d1c5eaf189a1c96980e8c26dd34e5ff27882e022b1?s=96&d=mm&r=g\",\"contentUrl\":\"https:\/\/secure.gravatar.com\/avatar\/10c873afe452e498c86116d1c5eaf189a1c96980e8c26dd34e5ff27882e022b1?s=96&d=mm&r=g\",\"caption\":\"A Equipa Caderno Inteligente\"},\"url\":\"https:\/\/blog.cadernointeligente.pt\/wp\/author\/andreia-costa\/\"}]}<\/script>\n<!-- \/ Yoast SEO plugin. -->","yoast_head_json":{"title":"Organiza o teu ano, com os melhores Planners! - Caderno Inteligente","description":"Queres organizar o teu ano da melhor forma? Para isso vais precisar dos melhores Planners! Vem saber tudo sobre eles!-","robots":{"index":"index","follow":"follow","max-snippet":"max-snippet:-1","max-image-preview":"max-image-preview:large","max-video-preview":"max-video-preview:-1"},"canonical":"https:\/\/blog.cadernointeligente.pt\/wp\/2025\/01\/03\/organiza-o-teu-ano-com-os-melhores-planners\/","og_locale":"pt_PT","og_type":"article","og_title":"Organiza o teu ano, com os melhores Planners! - Caderno Inteligente","og_description":"Queres organizar o teu ano da melhor forma? Para isso vais precisar dos melhores Planners! Vem saber tudo sobre eles!-","og_url":"https:\/\/blog.cadernointeligente.pt\/wp\/2025\/01\/03\/organiza-o-teu-ano-com-os-melhores-planners\/","og_site_name":"Caderno Inteligente","article_published_time":"2025-01-03T16:47:15+00:00","article_modified_time":"2025-01-03T16:47:17+00:00","og_image":[{"width":2560,"height":1946,"url":"https:\/\/blog.cadernointeligente.pt\/wp\/wp-content\/uploads\/2025\/01\/ci_artigo_3.1_pt-1-scaled.jpg","type":"image\/jpeg"}],"author":"A Equipa Caderno Inteligente","twitter_card":"summary_large_image","twitter_misc":{"Escrito por":"A Equipa Caderno Inteligente","Tempo estimado de leitura":"7 minutos"},"schema":{"@context":"https:\/\/schema.org","@graph":[{"@type":"Article","@id":"https:\/\/blog.cadernointeligente.pt\/wp\/2025\/01\/03\/organiza-o-teu-ano-com-os-melhores-planners\/#article","isPartOf":{"@id":"https:\/\/blog.cadernointeligente.pt\/wp\/2025\/01\/03\/organiza-o-teu-ano-com-os-melhores-planners\/"},"author":{"name":"A Equipa Caderno Inteligente","@id":"https:\/\/blog.cadernointeligente.pt\/wp\/#\/schema\/person\/831932a8c57031f5ffa3616d25da0720"},"headline":"Organiza o teu ano, com os melhores Planners!","datePublished":"2025-01-03T16:47:15+00:00","dateModified":"2025-01-03T16:47:17+00:00","mainEntityOfPage":{"@id":"https:\/\/blog.cadernointeligente.pt\/wp\/2025\/01\/03\/organiza-o-teu-ano-com-os-melhores-planners\/"},"wordCount":1134,"commentCount":0,"publisher":{"@id":"https:\/\/blog.cadernointeligente.pt\/wp\/#organization"},"image":{"@id":"https:\/\/blog.cadernointeligente.pt\/wp\/2025\/01\/03\/organiza-o-teu-ano-com-os-melhores-planners\/#primaryimage"},"thumbnailUrl":"https:\/\/i0.wp.com\/blog.cadernointeligente.pt\/wp\/wp-content\/uploads\/2025\/01\/ci_artigo_3.1_pt-1-scaled.jpg?fit=2560%2C1946&ssl=1","articleSection":["Passatempo WE\u2764\ufe0fCI"],"inLanguage":"pt-PT","potentialAction":[{"@type":"CommentAction","name":"Comment","target":["https:\/\/blog.cadernointeligente.pt\/wp\/2025\/01\/03\/organiza-o-teu-ano-com-os-melhores-planners\/#respond"]}]},{"@type":"WebPage","@id":"https:\/\/blog.cadernointeligente.pt\/wp\/2025\/01\/03\/organiza-o-teu-ano-com-os-melhores-planners\/","url":"https:\/\/blog.cadernointeligente.pt\/wp\/2025\/01\/03\/organiza-o-teu-ano-com-os-melhores-planners\/","name":"Organiza o teu ano, com os melhores Planners! - Caderno Inteligente","isPartOf":{"@id":"https:\/\/blog.cadernointeligente.pt\/wp\/#website"},"primaryImageOfPage":{"@id":"https:\/\/blog.cadernointeligente.pt\/wp\/2025\/01\/03\/organiza-o-teu-ano-com-os-melhores-planners\/#primaryimage"},"image":{"@id":"https:\/\/blog.cadernointeligente.pt\/wp\/2025\/01\/03\/organiza-o-teu-ano-com-os-melhores-planners\/#primaryimage"},"thumbnailUrl":"https:\/\/i0.wp.com\/blog.cadernointeligente.pt\/wp\/wp-content\/uploads\/2025\/01\/ci_artigo_3.1_pt-1-scaled.jpg?fit=2560%2C1946&ssl=1","datePublished":"2025-01-03T16:47:15+00:00","dateModified":"2025-01-03T16:47:17+00:00","description":"Queres organizar o teu ano da melhor forma? Para isso vais precisar dos melhores Planners! Vem saber tudo sobre eles!-","breadcrumb":{"@id":"https:\/\/blog.cadernointeligente.pt\/wp\/2025\/01\/03\/organiza-o-teu-ano-com-os-melhores-planners\/#breadcrumb"},"inLanguage":"pt-PT","potentialAction":[{"@type":"ReadAction","target":["https:\/\/blog.cadernointeligente.pt\/wp\/2025\/01\/03\/organiza-o-teu-ano-com-os-melhores-planners\/"]}]},{"@type":"ImageObject","inLanguage":"pt-PT","@id":"https:\/\/blog.cadernointeligente.pt\/wp\/2025\/01\/03\/organiza-o-teu-ano-com-os-melhores-planners\/#primaryimage","url":"https:\/\/i0.wp.com\/blog.cadernointeligente.pt\/wp\/wp-content\/uploads\/2025\/01\/ci_artigo_3.1_pt-1-scaled.jpg?fit=2560%2C1946&ssl=1","contentUrl":"https:\/\/i0.wp.com\/blog.cadernointeligente.pt\/wp\/wp-content\/uploads\/2025\/01\/ci_artigo_3.1_pt-1-scaled.jpg?fit=2560%2C1946&ssl=1","width":2560,"height":1946},{"@type":"BreadcrumbList","@id":"https:\/\/blog.cadernointeligente.pt\/wp\/2025\/01\/03\/organiza-o-teu-ano-com-os-melhores-planners\/#breadcrumb","itemListElement":[{"@type":"ListItem","position":1,"name":"In\u00edcio","item":"https:\/\/blog.cadernointeligente.pt\/wp\/"},{"@type":"ListItem","position":2,"name":"Organiza o teu ano, com os melhores Planners!"}]},{"@type":"WebSite","@id":"https:\/\/blog.cadernointeligente.pt\/wp\/#website","url":"https:\/\/blog.cadernointeligente.pt\/wp\/","name":"Caderno Inteligente","description":"Blog do Caderno Inteligente Portugal","publisher":{"@id":"https:\/\/blog.cadernointeligente.pt\/wp\/#organization"},"potentialAction":[{"@type":"SearchAction","target":{"@type":"EntryPoint","urlTemplate":"https:\/\/blog.cadernointeligente.pt\/wp\/?s={search_term_string}"},"query-input":{"@type":"PropertyValueSpecification","valueRequired":true,"valueName":"search_term_string"}}],"inLanguage":"pt-PT"},{"@type":"Organization","@id":"https:\/\/blog.cadernointeligente.pt\/wp\/#organization","name":"Caderno Inteligente Portugal","url":"https:\/\/blog.cadernointeligente.pt\/wp\/","logo":{"@type":"ImageObject","inLanguage":"pt-PT","@id":"https:\/\/blog.cadernointeligente.pt\/wp\/#\/schema\/logo\/image\/","url":"https:\/\/i0.wp.com\/blog.cadernointeligente.pt\/wp\/wp-content\/uploads\/2020\/03\/logotipo-Caderno-Inteligente.png?fit=1067%2C1067&ssl=1","contentUrl":"https:\/\/i0.wp.com\/blog.cadernointeligente.pt\/wp\/wp-content\/uploads\/2020\/03\/logotipo-Caderno-Inteligente.png?fit=1067%2C1067&ssl=1","width":1067,"height":1067,"caption":"Caderno Inteligente Portugal"},"image":{"@id":"https:\/\/blog.cadernointeligente.pt\/wp\/#\/schema\/logo\/image\/"},"sameAs":["https:\/\/www.instagram.com\/cadernointeligente_pt\/"]},{"@type":"Person","@id":"https:\/\/blog.cadernointeligente.pt\/wp\/#\/schema\/person\/831932a8c57031f5ffa3616d25da0720","name":"A Equipa Caderno Inteligente","image":{"@type":"ImageObject","inLanguage":"pt-PT","@id":"https:\/\/secure.gravatar.com\/avatar\/10c873afe452e498c86116d1c5eaf189a1c96980e8c26dd34e5ff27882e022b1?s=96&d=mm&r=g","url":"https:\/\/secure.gravatar.com\/avatar\/10c873afe452e498c86116d1c5eaf189a1c96980e8c26dd34e5ff27882e022b1?s=96&d=mm&r=g","contentUrl":"https:\/\/secure.gravatar.com\/avatar\/10c873afe452e498c86116d1c5eaf189a1c96980e8c26dd34e5ff27882e022b1?s=96&d=mm&r=g","caption":"A Equipa Caderno Inteligente"},"url":"https:\/\/blog.cadernointeligente.pt\/wp\/author\/andreia-costa\/"}]}},"jetpack_featured_media_url":"https:\/\/i0.wp.com\/blog.cadernointeligente.pt\/wp\/wp-content\/uploads\/2025\/01\/ci_artigo_3.1_pt-1-scaled.jpg?fit=2560%2C1946&ssl=1","jetpack_sharing_enabled":true,"_links":{"self":[{"href":"https:\/\/blog.cadernointeligente.pt\/wp\/wp-json\/wp\/v2\/posts\/10316","targetHints":{"allow":["GET"]}}],"collection":[{"href":"https:\/\/blog.cadernointeligente.pt\/wp\/wp-json\/wp\/v2\/posts"}],"about":[{"href":"https:\/\/blog.cadernointeligente.pt\/wp\/wp-json\/wp\/v2\/types\/post"}],"author":[{"embeddable":true,"href":"https:\/\/blog.cadernointeligente.pt\/wp\/wp-json\/wp\/v2\/users\/5"}],"replies":[{"embeddable":true,"href":"https:\/\/blog.cadernointeligente.pt\/wp\/wp-json\/wp\/v2\/comments?post=10316"}],"version-history":[{"count":0,"href":"https:\/\/blog.cadernointeligente.pt\/wp\/wp-json\/wp\/v2\/posts\/10316\/revisions"}],"wp:featuredmedia":[{"embeddable":true,"href":"https:\/\/blog.cadernointeligente.pt\/wp\/wp-json\/wp\/v2\/media\/10335"}],"wp:attachment":[{"href":"https:\/\/blog.cadernointeligente.pt\/wp\/wp-json\/wp\/v2\/media?parent=10316"}],"wp:term":[{"taxonomy":"category","embeddable":true,"href":"https:\/\/blog.cadernointeligente.pt\/wp\/wp-json\/wp\/v2\/categories?post=10316"},{"taxonomy":"post_tag","embeddable":true,"href":"https:\/\/blog.cadernointeligente.pt\/wp\/wp-json\/wp\/v2\/tags?post=10316"}],"curies":[{"name":"wp","href":"https:\/\/api.w.org\/{rel}","templated":true}]}}