{"id":10181,"date":"2024-11-22T14:01:22","date_gmt":"2024-11-22T14:01:22","guid":{"rendered":"https:\/\/blog.cadernointeligente.pt\/wp\/?p=10181"},"modified":"2024-11-22T14:01:25","modified_gmt":"2024-11-22T14:01:25","slug":"qual-e-o-teu-ci-segundo-a-tua-personalidade","status":"publish","type":"post","link":"https:\/\/blog.cadernointeligente.pt\/wp\/2024\/11\/22\/qual-e-o-teu-ci-segundo-a-tua-personalidade\/","title":{"rendered":"Qual \u00e9 o teu CI segundo a tua personalidade?"},"content":{"rendered":"\n<p>Ol\u00e1, CILover! \ud83d\udc9c Sabias que o teu caderno pode ser muito mais do que apenas um lugar para anota\u00e7\u00f5es? Ele pode ser o reflexo da tua personalidade, do teu estilo e da forma como vives o teu dia a dia! \ud83e\udd29<\/p>\n\n\n\n<p>N\u00f3s, equipa do Caderno Inteligente, acreditamos que cada pessoa tem um &#8220;queridinho&#8221; que se encaixa perfeitamente na sua pr\u00f3pria vibe. E se ainda n\u00e3o sabes qual \u00e9 o teu, n\u00e3o te preocupes! Fizemos um jogo super divertido para te ajudar a descobrir qual CI \u00e9 a tua cara \ud83d\udc81\u200d\u2640\ufe0f\ud83d\udc81\u200d\u2642\ufe0f<\/p>\n\n\n\n<p>Vamos a isso? Ent\u00e3o, primeiro precisas de escolher as op\u00e7\u00f5es que mais combinam contigo, e no final, vais descobrir qual \u00e9 o teu CI segundo a tua personalidade \ud83d\ude09<\/p>\n\n\n\n<h3 class=\"wp-block-heading\"><mark style=\"background-color:rgba(0, 0, 0, 0)\" class=\"has-inline-color has-vivid-purple-color\">1-<\/mark> <mark style=\"background-color:rgba(0, 0, 0, 0)\" class=\"has-inline-color has-vivid-purple-color\">Como descreves o teu estilo?<\/mark><\/h3>\n\n\n\n<p><strong><mark style=\"background-color:rgba(0, 0, 0, 0)\" class=\"has-inline-color has-vivid-purple-color\">A)<\/mark> <\/strong><mark style=\"background-color:rgba(0, 0, 0, 0)\" class=\"has-inline-color has-black-color\">Super criativo e sempre cheio de ideias!<\/mark><mark style=\"background-color:rgba(0, 0, 0, 0)\" class=\"has-inline-color has-vivid-purple-color\"> <\/mark>\u2728<br><mark style=\"background-color:rgba(0, 0, 0, 0)\" class=\"has-inline-color has-vivid-purple-color\"><strong>B)<\/strong><\/mark> Colorido, adoro misturar tudo e arrasar com combina\u00e7\u00f5es! \ud83c\udf08<br><strong><mark style=\"background-color:rgba(0, 0, 0, 0)\" class=\"has-inline-color has-vivid-purple-color\">C)<\/mark><\/strong> Elegante, sem perder o toque de sofistica\u00e7\u00e3o \ud83d\udc8e<br><strong><mark style=\"background-color:rgba(0, 0, 0, 0)\" class=\"has-inline-color has-vivid-purple-color\">D)<\/mark><\/strong> Minimalista, adoro coisas pr\u00e1ticas e simples \ud83d\udda4<\/p>\n\n\n\n<h3 class=\"wp-block-heading\"><mark style=\"background-color:rgba(0, 0, 0, 0)\" class=\"has-inline-color has-vivid-purple-color\">2-<\/mark> <mark style=\"background-color:rgba(0, 0, 0, 0)\" class=\"has-inline-color has-vivid-purple-color\">Qual o teu lugar preferido para estudar ou trabalhar?<\/mark><\/h3>\n\n\n\n<p><strong><mark style=\"background-color:rgba(0, 0, 0, 0)\" class=\"has-inline-color has-vivid-purple-color\">A)<\/mark> <\/strong>Qualquer lugar tranquilo onde posso concentrar-me e deixar a criatividade fluir! \ud83e\uddd8\u200d\u2640\ufe0f<br><strong><mark style=\"background-color:rgba(0, 0, 0, 0)\" class=\"has-inline-color has-vivid-purple-color\">B)<\/mark><\/strong> No meu quarto mas sem distra\u00e7\u00f5es, ou seja, nada \u00e0 minha volta! \ud83d\udcda<br><strong><mark style=\"background-color:rgba(0, 0, 0, 0)\" class=\"has-inline-color has-vivid-purple-color\">C<\/mark><\/strong><mark style=\"background-color:rgba(0, 0, 0, 0)\" class=\"has-inline-color has-vivid-purple-color\">)<\/mark> Em caf\u00e9s ou lugares movimentados, adoro estar rodeado de energia! \ud83e\udd29<br><strong><mark style=\"background-color:rgba(0, 0, 0, 0)\" class=\"has-inline-color has-vivid-purple-color\">D<\/mark><\/strong><mark style=\"background-color:rgba(0, 0, 0, 0)\" class=\"has-inline-color has-vivid-purple-color\">) <\/mark>Num ambiente organizado, com estilo e sem exageros \ud83d\udcbc<\/p>\n\n\n\n<h3 class=\"wp-block-heading\"><mark style=\"background-color:rgba(0, 0, 0, 0)\" class=\"has-inline-color has-vivid-purple-color\">3- Qual \u00e9 a tua opini\u00e3o sobre Personaliza\u00e7\u00e3o?<\/mark><\/h3>\n\n\n\n<p><strong><mark style=\"background-color:rgba(0, 0, 0, 0)\" class=\"has-inline-color has-vivid-purple-color\">A)<\/mark><\/strong> Amo personalizar tudo! Desde capas at\u00e9 aos acess\u00f3rios, quero que tudo seja \u00fanico \ud83c\udfa8<br><strong><mark style=\"background-color:rgba(0, 0, 0, 0)\" class=\"has-inline-color has-vivid-purple-color\">B)<\/mark><\/strong> Quero muitas cores e acess\u00f3rios! Adoro mudar e deixar o caderno totalmente ao meu estilo\ud83d\udc85 <br><strong><mark style=\"background-color:rgba(0, 0, 0, 0)\" class=\"has-inline-color has-vivid-purple-color\">C)<\/mark><\/strong> Eu gosto de algo mais clean, elegante e com um toque de classe \ud83d\udcbc<br><strong><mark style=\"background-color:rgba(0, 0, 0, 0)\" class=\"has-inline-color has-vivid-purple-color\">D)<\/mark><\/strong> Prefiro algo mais b\u00e1sico, mas que funcione e seja eficiente \ud83d\udcd1<\/p>\n\n\n\n<h3 class=\"wp-block-heading\"><mark style=\"background-color:rgba(0, 0, 0, 0)\" class=\"has-inline-color has-vivid-purple-color\">4- Qual destas te define melhor?<\/mark><\/h3>\n\n\n\n<p><strong><mark style=\"background-color:rgba(0, 0, 0, 0)\" class=\"has-inline-color has-vivid-purple-color\">A)<\/mark><\/strong> Escrever, desenhar e criar novas ideias! \ud83d\udcdd<br><strong><mark style=\"background-color:rgba(0, 0, 0, 0)\" class=\"has-inline-color has-vivid-purple-color\">B<\/mark><\/strong><mark style=\"background-color:rgba(0, 0, 0, 0)\" class=\"has-inline-color has-vivid-purple-color\"><strong>)<\/strong><\/mark> Estar com amigos \ud83e\udd70<br><strong><mark style=\"background-color:rgba(0, 0, 0, 0)\" class=\"has-inline-color has-vivid-purple-color\">C)<\/mark><\/strong> Explorar novas coisas, sair da zona de conforto e divertir-me! \ud83c\udf0d<br><strong><mark style=\"background-color:rgba(0, 0, 0, 0)\" class=\"has-inline-color has-vivid-purple-color\">D)<\/mark><\/strong> Organizar as minhas semanas para garantir que n\u00e3o perco nada importante \ud83c\udfaf<\/p>\n\n\n\n<h3 class=\"wp-block-heading\"><mark style=\"background-color:rgba(0, 0, 0, 0)\" class=\"has-inline-color has-vivid-purple-color\">5- Se tivesse que escolher um superpoder, qual seria?<\/mark><\/h3>\n\n\n\n<p><strong><mark style=\"background-color:rgba(0, 0, 0, 0)\" class=\"has-inline-color has-vivid-purple-color\">A)<\/mark><\/strong> A habilidade de criar qualquer coisa apenas com a minha imagina\u00e7\u00e3o! \ud83c\udfa8<br><strong><mark style=\"background-color:rgba(0, 0, 0, 0)\" class=\"has-inline-color has-vivid-purple-color\">B)<\/mark><\/strong> A capacidade de transformar qualquer situa\u00e7\u00e3o em uma aventura divertida e \u00fanica! \ud83e\uddb8\u200d\u2642\ufe0f<br><strong><mark style=\"background-color:rgba(0, 0, 0, 0)\" class=\"has-inline-color has-vivid-purple-color\">C) <\/mark><\/strong>O poder de controlar o tempo \u23f3<br><strong><mark style=\"background-color:rgba(0, 0, 0, 0)\" class=\"has-inline-color has-vivid-purple-color\">D)<\/mark><\/strong> A habilidade de definir e realizar todos os meus objetivos \ud83e\udde0<\/p>\n\n\n\n<h2 class=\"wp-block-heading\">Resultados<\/h2>\n\n\n\n<p>Agora que j\u00e1 fizeste todas as escolhas, chegou a hora de descobrir qual caderno \u00e9 o mais compat\u00edvel com a tua personalidade! \ud83d\ude09<\/p>\n\n\n\n<h4 class=\"wp-block-heading\">Se a maioria das tuas respostas foi A:<\/h4>\n\n\n\n<h3 class=\"wp-block-heading\"><mark style=\"background-color:rgba(0, 0, 0, 0)\" class=\"has-inline-color has-vivid-purple-color\">BLUE CREATIVE JOURNAL <\/mark><\/h3>\n\n\n<div class=\"wp-block-image\">\n<figure class=\"alignright size-full is-resized\"><img data-recalc-dims=\"1\" loading=\"lazy\" decoding=\"async\" width=\"429\" height=\"506\" src=\"https:\/\/i0.wp.com\/blog.cadernointeligente.pt\/wp\/wp-content\/uploads\/2024\/11\/Screenshot_16-1.png?resize=429%2C506&#038;ssl=1\" alt=\"ci- personalidade Blue Creative journal\" class=\"wp-image-10186\" style=\"width:172px;height:auto\" srcset=\"https:\/\/i0.wp.com\/blog.cadernointeligente.pt\/wp\/wp-content\/uploads\/2024\/11\/Screenshot_16-1.png?w=429&amp;ssl=1 429w, https:\/\/i0.wp.com\/blog.cadernointeligente.pt\/wp\/wp-content\/uploads\/2024\/11\/Screenshot_16-1.png?resize=254%2C300&amp;ssl=1 254w\" sizes=\"auto, (max-width: 429px) 100vw, 429px\" \/><\/figure>\n<\/div>\n\n\n<p>J\u00e1 percebemos que a tua imagina\u00e7\u00e3o e criatividade n\u00e3o tem limites! Por isso, nada melhor do que um queridinho que te vai permitir anotar todas as tuas ideias &#8220;fora da caixa&#8221; e deixar as ideias fluir, sem medos! \ud83d\udc99<\/p>\n\n\n\n<p>Como tamb\u00e9m gostas de personalizar, acreditamos que o Estojo Inteligente Crystal \u00e9 um \u00f3timo complemento para o teu CI! Assim vais poder levar sempre contigo canetas, l\u00e1pis ou qualquer outro material que te permita escrever aquelas ideias de &#8220;\u00faltima hora&#8221; e que n\u00e3o podes mesmo deixar escapar! \ud83d\udca1<\/p>\n\n\n\n<h4 class=\"wp-block-heading\">Se a maioria das tuas respostas foi B:<\/h4>\n\n\n\n<h3 class=\"wp-block-heading\"><mark style=\"background-color:rgba(0, 0, 0, 0)\" class=\"has-inline-color has-vivid-purple-color\">AURORA<\/mark><\/h3>\n\n\n<div class=\"wp-block-image\">\n<figure class=\"alignright size-full is-resized\"><img data-recalc-dims=\"1\" loading=\"lazy\" decoding=\"async\" width=\"442\" height=\"530\" src=\"https:\/\/i0.wp.com\/blog.cadernointeligente.pt\/wp\/wp-content\/uploads\/2024\/11\/Screenshot_18.png?resize=442%2C530&#038;ssl=1\" alt=\"\" class=\"wp-image-10191\" style=\"width:172px\" srcset=\"https:\/\/i0.wp.com\/blog.cadernointeligente.pt\/wp\/wp-content\/uploads\/2024\/11\/Screenshot_18.png?w=442&amp;ssl=1 442w, https:\/\/i0.wp.com\/blog.cadernointeligente.pt\/wp\/wp-content\/uploads\/2024\/11\/Screenshot_18.png?resize=250%2C300&amp;ssl=1 250w\" sizes=\"auto, (max-width: 442px) 100vw, 442px\" \/><\/figure>\n<\/div>\n\n\n<p>Cor, luz, magia! Este \u00e9 o queridinho que mais combina com a tua personalidade doce, aventureira e \u00fanica! \u2728<\/p>\n\n\n\n<p>Cor n\u00e3o falta, e as combina\u00e7\u00f5es que podes fazer com ele s\u00e3o imensas, tal como tu gostas. Para al\u00e9m disso, ainda podes adicionar bastantes acess\u00f3rios dourados como os nossos pingentes para o tornar ainda mais teu! Vai combinar super bem com os detalhes do teu CI \ud83d\ude0d<\/p>\n\n\n\n<h4 class=\"wp-block-heading\">Se a maioria das tuas respostas foi C:<\/h4>\n\n\n\n<h3 class=\"wp-block-heading\"><mark style=\"background-color:rgba(0, 0, 0, 0)\" class=\"has-inline-color has-vivid-purple-color\">EXPRESSO<\/mark><\/h3>\n\n\n<div class=\"wp-block-image\">\n<figure class=\"alignright size-full is-resized\"><img data-recalc-dims=\"1\" loading=\"lazy\" decoding=\"async\" width=\"444\" height=\"533\" src=\"https:\/\/i0.wp.com\/blog.cadernointeligente.pt\/wp\/wp-content\/uploads\/2024\/11\/Screenshot_17.png?resize=444%2C533&#038;ssl=1\" alt=\"\" class=\"wp-image-10190\" style=\"width:172px\" srcset=\"https:\/\/i0.wp.com\/blog.cadernointeligente.pt\/wp\/wp-content\/uploads\/2024\/11\/Screenshot_17.png?w=444&amp;ssl=1 444w, https:\/\/i0.wp.com\/blog.cadernointeligente.pt\/wp\/wp-content\/uploads\/2024\/11\/Screenshot_17.png?resize=250%2C300&amp;ssl=1 250w\" sizes=\"auto, (max-width: 444px) 100vw, 444px\" \/><\/figure>\n<\/div>\n\n\n<p>Forte e cheio de atitude, tal como tu! Este queridinho reflete o equil\u00edbrio perfeito entre eleg\u00e2ncia e sofistica\u00e7\u00e3o \ud83d\udc8e<\/p>\n\n\n\n<p>\u00c9 ideal para quem n\u00e3o tem medo de arrega\u00e7ar as mangas e sair da sua zona de conforto. Digamos que te d\u00e1 a energia necess\u00e1ria para enfrentar os desafios do teu dia-a-dia. <\/p>\n\n\n\n<h4 class=\"wp-block-heading\">Se a maioria das tuas respostas foi D:<\/h4>\n\n\n\n<h3 class=\"wp-block-heading\"><mark style=\"background-color:rgba(0, 0, 0, 0)\" class=\"has-inline-color has-vivid-purple-color\">PLANNER LILAC FIELDS <\/mark><\/h3>\n\n\n<div class=\"wp-block-image\">\n<figure class=\"alignright size-full is-resized\"><img data-recalc-dims=\"1\" loading=\"lazy\" decoding=\"async\" width=\"390\" height=\"457\" src=\"https:\/\/i0.wp.com\/blog.cadernointeligente.pt\/wp\/wp-content\/uploads\/2024\/11\/Screenshot_19.png?resize=390%2C457&#038;ssl=1\" alt=\"\" class=\"wp-image-10193\" style=\"width:172px\" srcset=\"https:\/\/i0.wp.com\/blog.cadernointeligente.pt\/wp\/wp-content\/uploads\/2024\/11\/Screenshot_19.png?w=390&amp;ssl=1 390w, https:\/\/i0.wp.com\/blog.cadernointeligente.pt\/wp\/wp-content\/uploads\/2024\/11\/Screenshot_19.png?resize=256%2C300&amp;ssl=1 256w\" sizes=\"auto, (max-width: 390px) 100vw, 390px\" \/><\/figure>\n<\/div>\n\n\n<p>Tragam a coroa para a rainha da organiza\u00e7\u00e3o! \ud83d\udc51<\/p>\n\n\n\n<p>Adoras organizar-te e planear a tua vida ao detalhe, e para ti, s\u00f3 funciona assim. Por isso mesmo, o teu caderno n\u00e3o podia ser outro se n\u00e3o o nosso Planner Lilac Fields! <br>\u00c9 perfeito para fazeres o teu planeamento di\u00e1rio, semanal e mensal, sem te esqueceres de nenhum detalhe importante, e claro, j\u00e1 n\u00e3o consegues viver sem ele! \ud83e\udebb<\/p>\n\n\n\n<p>E por falar em Planner&#8230;.\ud83d\ude0e<\/p>\n\n\n\n<h2 class=\"wp-block-heading\">Campanha CI!<\/h2>\n\n\n\n<p>N\u00e3o te esque\u00e7as que est\u00e1 a decorrer uma <em>super campanha<\/em> onde na <strong><mark style=\"background-color:rgba(0, 0, 0, 0)\" class=\"has-inline-color has-vivid-purple-color\">compra do nosso Planner Lilac Fields da Sof. Martins<\/mark><\/strong>, feita no nosso site, <a href=\"https:\/\/cadernointeligente.pt\/p\/planner-ci-lilac-fields-by-sophia-martins-1\">www.cadernointeligente.pt<\/a>, recebes de oferta um <strong><mark style=\"background-color:rgba(0, 0, 0, 0)\" class=\"has-inline-color has-vivid-purple-color\">Estojo Inteligente Crystal<\/mark><\/strong>!<\/p>\n\n\n\n<p>Ela \u00e9 limitada ao stock existente, por isso, n\u00e3o te esque\u00e7as de ser r\u00e1pido para garantires o teu! \ud83d\ude09<\/p>\n\n\n\n<p>Para selecionares o teu pack, s\u00f3 tens de carregar <a href=\"https:\/\/cadernointeligente.pt\/p\/planner-ci-lilac-fields-by-sophia-martins-1\">aqui<\/a>, e depois selecionar a cor de estojo que queres e finalizar e tua encomenda! T\u00e3o f\u00e1cil assim \ud83e\udd70<\/p>\n\n\n<div class=\"wp-block-image\">\n<figure class=\"aligncenter size-full\"><img data-recalc-dims=\"1\" loading=\"lazy\" decoding=\"async\" width=\"848\" height=\"164\" src=\"https:\/\/i0.wp.com\/blog.cadernointeligente.pt\/wp\/wp-content\/uploads\/2024\/11\/Screenshot_21.png?resize=848%2C164&#038;ssl=1\" alt=\"\" class=\"wp-image-10198\" srcset=\"https:\/\/i0.wp.com\/blog.cadernointeligente.pt\/wp\/wp-content\/uploads\/2024\/11\/Screenshot_21.png?w=848&amp;ssl=1 848w, https:\/\/i0.wp.com\/blog.cadernointeligente.pt\/wp\/wp-content\/uploads\/2024\/11\/Screenshot_21.png?resize=300%2C58&amp;ssl=1 300w, https:\/\/i0.wp.com\/blog.cadernointeligente.pt\/wp\/wp-content\/uploads\/2024\/11\/Screenshot_21.png?resize=768%2C149&amp;ssl=1 768w\" sizes=\"auto, (max-width: 848px) 100vw, 848px\" \/><\/figure>\n<\/div>\n\n\n<h2 class=\"wp-block-heading\">Qual \u00e9 o teu CI segundo a tua personalidade?<\/h2>\n\n\n\n<p>Pronto para mostrar a tua personalidade de forma pr\u00e1tica e estilosa, CILover?<br>Com o <strong><mark style=\"background-color:rgba(0, 0, 0, 0)\" class=\"has-inline-color has-vivid-purple-color\">Caderno Inteligente &#8211; o Original do Brasil<\/mark><\/strong>, podes expressar tudo o que \u00e9s, com muito estilo, atrav\u00e9s do teu queridinho!<\/p>\n\n\n\n<p>Conta-nos qual foi o caderno que coincidiu com a tua personalidade!<\/p>\n\n\n\n<p>At\u00e9 ao pr\u00f3ximo artigo \ud83e\udd70<\/p>\n\n\n\n<p><\/p>\n","protected":false},"excerpt":{"rendered":"<p>Ol\u00e1, CILover! \ud83d\udc9c Sabias que o teu caderno pode ser muito mais do que apenas um lugar para anota\u00e7\u00f5es? Ele&hellip;<\/p>\n","protected":false},"author":5,"featured_media":10200,"comment_status":"open","ping_status":"open","sticky":false,"template":"","format":"standard","meta":{"jetpack_post_was_ever_published":false,"_jetpack_newsletter_access":"","_jetpack_dont_email_post_to_subs":false,"_jetpack_newsletter_tier_id":0,"_jetpack_memberships_contains_paywalled_content":false,"_jetpack_memberships_contains_paid_content":false,"footnotes":""},"categories":[51],"tags":[5,6,7,1074,1076],"class_list":["post-10181","post","type-post","status-publish","format-standard","has-post-thumbnail","hentry","category-cilovers","tag-caderno-inteligente","tag-caderno-inteligente-portugal","tag-caderno-inteligente-pt","tag-personalidade","tag-personalidade-ci"],"yoast_head":"<!-- This site is optimized with the Yoast SEO plugin v27.2 - https:\/\/yoast.com\/product\/yoast-seo-wordpress\/ -->\n<title>Qual \u00e9 o teu CI segundo a tua personalidade? - Caderno Inteligente<\/title>\n<meta name=\"description\" content=\"Queres saber qual \u00e9 o teu CI segundo a tua personalidade? L\u00ea este artigo e responde \u00e1s perguntas! Vais amar o resultado!-\" \/>\n<meta name=\"robots\" content=\"index, follow, max-snippet:-1, max-image-preview:large, max-video-preview:-1\" \/>\n<link rel=\"canonical\" href=\"https:\/\/blog.cadernointeligente.pt\/wp\/2024\/11\/22\/qual-e-o-teu-ci-segundo-a-tua-personalidade\/\" \/>\n<meta property=\"og:locale\" content=\"pt_PT\" \/>\n<meta property=\"og:type\" content=\"article\" \/>\n<meta property=\"og:title\" content=\"Qual \u00e9 o teu CI segundo a tua personalidade? - Caderno Inteligente\" \/>\n<meta property=\"og:description\" content=\"Queres saber qual \u00e9 o teu CI segundo a tua personalidade? L\u00ea este artigo e responde \u00e1s perguntas! Vais amar o resultado!-\" \/>\n<meta property=\"og:url\" content=\"https:\/\/blog.cadernointeligente.pt\/wp\/2024\/11\/22\/qual-e-o-teu-ci-segundo-a-tua-personalidade\/\" \/>\n<meta property=\"og:site_name\" content=\"Caderno Inteligente\" \/>\n<meta property=\"article:published_time\" content=\"2024-11-22T14:01:22+00:00\" \/>\n<meta property=\"article:modified_time\" content=\"2024-11-22T14:01:25+00:00\" \/>\n<meta property=\"og:image\" content=\"https:\/\/blog.cadernointeligente.pt\/wp\/wp-content\/uploads\/2024\/11\/ci_artigo_22.11_PT-scaled.jpg\" \/>\n\t<meta property=\"og:image:width\" content=\"2560\" \/>\n\t<meta property=\"og:image:height\" content=\"1946\" \/>\n\t<meta property=\"og:image:type\" content=\"image\/jpeg\" \/>\n<meta name=\"author\" content=\"A Equipa Caderno Inteligente\" \/>\n<meta name=\"twitter:card\" content=\"summary_large_image\" \/>\n<meta name=\"twitter:label1\" content=\"Escrito por\" \/>\n\t<meta name=\"twitter:data1\" content=\"A Equipa Caderno Inteligente\" \/>\n\t<meta name=\"twitter:label2\" content=\"Tempo estimado de leitura\" \/>\n\t<meta name=\"twitter:data2\" content=\"6 minutos\" \/>\n<script type=\"application\/ld+json\" class=\"yoast-schema-graph\">{\"@context\":\"https:\/\/schema.org\",\"@graph\":[{\"@type\":\"Article\",\"@id\":\"https:\/\/blog.cadernointeligente.pt\/wp\/2024\/11\/22\/qual-e-o-teu-ci-segundo-a-tua-personalidade\/#article\",\"isPartOf\":{\"@id\":\"https:\/\/blog.cadernointeligente.pt\/wp\/2024\/11\/22\/qual-e-o-teu-ci-segundo-a-tua-personalidade\/\"},\"author\":{\"name\":\"A Equipa Caderno Inteligente\",\"@id\":\"https:\/\/blog.cadernointeligente.pt\/wp\/#\/schema\/person\/831932a8c57031f5ffa3616d25da0720\"},\"headline\":\"Qual \u00e9 o teu CI segundo a tua personalidade?\",\"datePublished\":\"2024-11-22T14:01:22+00:00\",\"dateModified\":\"2024-11-22T14:01:25+00:00\",\"mainEntityOfPage\":{\"@id\":\"https:\/\/blog.cadernointeligente.pt\/wp\/2024\/11\/22\/qual-e-o-teu-ci-segundo-a-tua-personalidade\/\"},\"wordCount\":884,\"commentCount\":0,\"publisher\":{\"@id\":\"https:\/\/blog.cadernointeligente.pt\/wp\/#organization\"},\"image\":{\"@id\":\"https:\/\/blog.cadernointeligente.pt\/wp\/2024\/11\/22\/qual-e-o-teu-ci-segundo-a-tua-personalidade\/#primaryimage\"},\"thumbnailUrl\":\"https:\/\/i0.wp.com\/blog.cadernointeligente.pt\/wp\/wp-content\/uploads\/2024\/11\/ci_artigo_22.11_PT-scaled.jpg?fit=2560%2C1946&ssl=1\",\"keywords\":[\"caderno inteligente\",\"caderno inteligente portugal\",\"caderno inteligente pt\",\"personalidade\",\"personalidade ci\"],\"articleSection\":[\"#CILovers\"],\"inLanguage\":\"pt-PT\",\"potentialAction\":[{\"@type\":\"CommentAction\",\"name\":\"Comment\",\"target\":[\"https:\/\/blog.cadernointeligente.pt\/wp\/2024\/11\/22\/qual-e-o-teu-ci-segundo-a-tua-personalidade\/#respond\"]}]},{\"@type\":\"WebPage\",\"@id\":\"https:\/\/blog.cadernointeligente.pt\/wp\/2024\/11\/22\/qual-e-o-teu-ci-segundo-a-tua-personalidade\/\",\"url\":\"https:\/\/blog.cadernointeligente.pt\/wp\/2024\/11\/22\/qual-e-o-teu-ci-segundo-a-tua-personalidade\/\",\"name\":\"Qual \u00e9 o teu CI segundo a tua personalidade? - Caderno Inteligente\",\"isPartOf\":{\"@id\":\"https:\/\/blog.cadernointeligente.pt\/wp\/#website\"},\"primaryImageOfPage\":{\"@id\":\"https:\/\/blog.cadernointeligente.pt\/wp\/2024\/11\/22\/qual-e-o-teu-ci-segundo-a-tua-personalidade\/#primaryimage\"},\"image\":{\"@id\":\"https:\/\/blog.cadernointeligente.pt\/wp\/2024\/11\/22\/qual-e-o-teu-ci-segundo-a-tua-personalidade\/#primaryimage\"},\"thumbnailUrl\":\"https:\/\/i0.wp.com\/blog.cadernointeligente.pt\/wp\/wp-content\/uploads\/2024\/11\/ci_artigo_22.11_PT-scaled.jpg?fit=2560%2C1946&ssl=1\",\"datePublished\":\"2024-11-22T14:01:22+00:00\",\"dateModified\":\"2024-11-22T14:01:25+00:00\",\"description\":\"Queres saber qual \u00e9 o teu CI segundo a tua personalidade? L\u00ea este artigo e responde \u00e1s perguntas! Vais amar o resultado!-\",\"breadcrumb\":{\"@id\":\"https:\/\/blog.cadernointeligente.pt\/wp\/2024\/11\/22\/qual-e-o-teu-ci-segundo-a-tua-personalidade\/#breadcrumb\"},\"inLanguage\":\"pt-PT\",\"potentialAction\":[{\"@type\":\"ReadAction\",\"target\":[\"https:\/\/blog.cadernointeligente.pt\/wp\/2024\/11\/22\/qual-e-o-teu-ci-segundo-a-tua-personalidade\/\"]}]},{\"@type\":\"ImageObject\",\"inLanguage\":\"pt-PT\",\"@id\":\"https:\/\/blog.cadernointeligente.pt\/wp\/2024\/11\/22\/qual-e-o-teu-ci-segundo-a-tua-personalidade\/#primaryimage\",\"url\":\"https:\/\/i0.wp.com\/blog.cadernointeligente.pt\/wp\/wp-content\/uploads\/2024\/11\/ci_artigo_22.11_PT-scaled.jpg?fit=2560%2C1946&ssl=1\",\"contentUrl\":\"https:\/\/i0.wp.com\/blog.cadernointeligente.pt\/wp\/wp-content\/uploads\/2024\/11\/ci_artigo_22.11_PT-scaled.jpg?fit=2560%2C1946&ssl=1\",\"width\":2560,\"height\":1946},{\"@type\":\"BreadcrumbList\",\"@id\":\"https:\/\/blog.cadernointeligente.pt\/wp\/2024\/11\/22\/qual-e-o-teu-ci-segundo-a-tua-personalidade\/#breadcrumb\",\"itemListElement\":[{\"@type\":\"ListItem\",\"position\":1,\"name\":\"In\u00edcio\",\"item\":\"https:\/\/blog.cadernointeligente.pt\/wp\/\"},{\"@type\":\"ListItem\",\"position\":2,\"name\":\"Qual \u00e9 o teu CI segundo a tua personalidade?\"}]},{\"@type\":\"WebSite\",\"@id\":\"https:\/\/blog.cadernointeligente.pt\/wp\/#website\",\"url\":\"https:\/\/blog.cadernointeligente.pt\/wp\/\",\"name\":\"Caderno Inteligente\",\"description\":\"Blog do Caderno Inteligente Portugal\",\"publisher\":{\"@id\":\"https:\/\/blog.cadernointeligente.pt\/wp\/#organization\"},\"potentialAction\":[{\"@type\":\"SearchAction\",\"target\":{\"@type\":\"EntryPoint\",\"urlTemplate\":\"https:\/\/blog.cadernointeligente.pt\/wp\/?s={search_term_string}\"},\"query-input\":{\"@type\":\"PropertyValueSpecification\",\"valueRequired\":true,\"valueName\":\"search_term_string\"}}],\"inLanguage\":\"pt-PT\"},{\"@type\":\"Organization\",\"@id\":\"https:\/\/blog.cadernointeligente.pt\/wp\/#organization\",\"name\":\"Caderno Inteligente Portugal\",\"url\":\"https:\/\/blog.cadernointeligente.pt\/wp\/\",\"logo\":{\"@type\":\"ImageObject\",\"inLanguage\":\"pt-PT\",\"@id\":\"https:\/\/blog.cadernointeligente.pt\/wp\/#\/schema\/logo\/image\/\",\"url\":\"https:\/\/i0.wp.com\/blog.cadernointeligente.pt\/wp\/wp-content\/uploads\/2020\/03\/logotipo-Caderno-Inteligente.png?fit=1067%2C1067&ssl=1\",\"contentUrl\":\"https:\/\/i0.wp.com\/blog.cadernointeligente.pt\/wp\/wp-content\/uploads\/2020\/03\/logotipo-Caderno-Inteligente.png?fit=1067%2C1067&ssl=1\",\"width\":1067,\"height\":1067,\"caption\":\"Caderno Inteligente Portugal\"},\"image\":{\"@id\":\"https:\/\/blog.cadernointeligente.pt\/wp\/#\/schema\/logo\/image\/\"},\"sameAs\":[\"https:\/\/www.instagram.com\/cadernointeligente_pt\/\"]},{\"@type\":\"Person\",\"@id\":\"https:\/\/blog.cadernointeligente.pt\/wp\/#\/schema\/person\/831932a8c57031f5ffa3616d25da0720\",\"name\":\"A Equipa Caderno Inteligente\",\"image\":{\"@type\":\"ImageObject\",\"inLanguage\":\"pt-PT\",\"@id\":\"https:\/\/secure.gravatar.com\/avatar\/10c873afe452e498c86116d1c5eaf189a1c96980e8c26dd34e5ff27882e022b1?s=96&d=mm&r=g\",\"url\":\"https:\/\/secure.gravatar.com\/avatar\/10c873afe452e498c86116d1c5eaf189a1c96980e8c26dd34e5ff27882e022b1?s=96&d=mm&r=g\",\"contentUrl\":\"https:\/\/secure.gravatar.com\/avatar\/10c873afe452e498c86116d1c5eaf189a1c96980e8c26dd34e5ff27882e022b1?s=96&d=mm&r=g\",\"caption\":\"A Equipa Caderno Inteligente\"},\"url\":\"https:\/\/blog.cadernointeligente.pt\/wp\/author\/andreia-costa\/\"}]}<\/script>\n<!-- \/ Yoast SEO plugin. -->","yoast_head_json":{"title":"Qual \u00e9 o teu CI segundo a tua personalidade? - Caderno Inteligente","description":"Queres saber qual \u00e9 o teu CI segundo a tua personalidade? L\u00ea este artigo e responde \u00e1s perguntas! Vais amar o resultado!-","robots":{"index":"index","follow":"follow","max-snippet":"max-snippet:-1","max-image-preview":"max-image-preview:large","max-video-preview":"max-video-preview:-1"},"canonical":"https:\/\/blog.cadernointeligente.pt\/wp\/2024\/11\/22\/qual-e-o-teu-ci-segundo-a-tua-personalidade\/","og_locale":"pt_PT","og_type":"article","og_title":"Qual \u00e9 o teu CI segundo a tua personalidade? - Caderno Inteligente","og_description":"Queres saber qual \u00e9 o teu CI segundo a tua personalidade? L\u00ea este artigo e responde \u00e1s perguntas! Vais amar o resultado!-","og_url":"https:\/\/blog.cadernointeligente.pt\/wp\/2024\/11\/22\/qual-e-o-teu-ci-segundo-a-tua-personalidade\/","og_site_name":"Caderno Inteligente","article_published_time":"2024-11-22T14:01:22+00:00","article_modified_time":"2024-11-22T14:01:25+00:00","og_image":[{"width":2560,"height":1946,"url":"https:\/\/blog.cadernointeligente.pt\/wp\/wp-content\/uploads\/2024\/11\/ci_artigo_22.11_PT-scaled.jpg","type":"image\/jpeg"}],"author":"A Equipa Caderno Inteligente","twitter_card":"summary_large_image","twitter_misc":{"Escrito por":"A Equipa Caderno Inteligente","Tempo estimado de leitura":"6 minutos"},"schema":{"@context":"https:\/\/schema.org","@graph":[{"@type":"Article","@id":"https:\/\/blog.cadernointeligente.pt\/wp\/2024\/11\/22\/qual-e-o-teu-ci-segundo-a-tua-personalidade\/#article","isPartOf":{"@id":"https:\/\/blog.cadernointeligente.pt\/wp\/2024\/11\/22\/qual-e-o-teu-ci-segundo-a-tua-personalidade\/"},"author":{"name":"A Equipa Caderno Inteligente","@id":"https:\/\/blog.cadernointeligente.pt\/wp\/#\/schema\/person\/831932a8c57031f5ffa3616d25da0720"},"headline":"Qual \u00e9 o teu CI segundo a tua personalidade?","datePublished":"2024-11-22T14:01:22+00:00","dateModified":"2024-11-22T14:01:25+00:00","mainEntityOfPage":{"@id":"https:\/\/blog.cadernointeligente.pt\/wp\/2024\/11\/22\/qual-e-o-teu-ci-segundo-a-tua-personalidade\/"},"wordCount":884,"commentCount":0,"publisher":{"@id":"https:\/\/blog.cadernointeligente.pt\/wp\/#organization"},"image":{"@id":"https:\/\/blog.cadernointeligente.pt\/wp\/2024\/11\/22\/qual-e-o-teu-ci-segundo-a-tua-personalidade\/#primaryimage"},"thumbnailUrl":"https:\/\/i0.wp.com\/blog.cadernointeligente.pt\/wp\/wp-content\/uploads\/2024\/11\/ci_artigo_22.11_PT-scaled.jpg?fit=2560%2C1946&ssl=1","keywords":["caderno inteligente","caderno inteligente portugal","caderno inteligente pt","personalidade","personalidade ci"],"articleSection":["#CILovers"],"inLanguage":"pt-PT","potentialAction":[{"@type":"CommentAction","name":"Comment","target":["https:\/\/blog.cadernointeligente.pt\/wp\/2024\/11\/22\/qual-e-o-teu-ci-segundo-a-tua-personalidade\/#respond"]}]},{"@type":"WebPage","@id":"https:\/\/blog.cadernointeligente.pt\/wp\/2024\/11\/22\/qual-e-o-teu-ci-segundo-a-tua-personalidade\/","url":"https:\/\/blog.cadernointeligente.pt\/wp\/2024\/11\/22\/qual-e-o-teu-ci-segundo-a-tua-personalidade\/","name":"Qual \u00e9 o teu CI segundo a tua personalidade? - Caderno Inteligente","isPartOf":{"@id":"https:\/\/blog.cadernointeligente.pt\/wp\/#website"},"primaryImageOfPage":{"@id":"https:\/\/blog.cadernointeligente.pt\/wp\/2024\/11\/22\/qual-e-o-teu-ci-segundo-a-tua-personalidade\/#primaryimage"},"image":{"@id":"https:\/\/blog.cadernointeligente.pt\/wp\/2024\/11\/22\/qual-e-o-teu-ci-segundo-a-tua-personalidade\/#primaryimage"},"thumbnailUrl":"https:\/\/i0.wp.com\/blog.cadernointeligente.pt\/wp\/wp-content\/uploads\/2024\/11\/ci_artigo_22.11_PT-scaled.jpg?fit=2560%2C1946&ssl=1","datePublished":"2024-11-22T14:01:22+00:00","dateModified":"2024-11-22T14:01:25+00:00","description":"Queres saber qual \u00e9 o teu CI segundo a tua personalidade? L\u00ea este artigo e responde \u00e1s perguntas! Vais amar o resultado!-","breadcrumb":{"@id":"https:\/\/blog.cadernointeligente.pt\/wp\/2024\/11\/22\/qual-e-o-teu-ci-segundo-a-tua-personalidade\/#breadcrumb"},"inLanguage":"pt-PT","potentialAction":[{"@type":"ReadAction","target":["https:\/\/blog.cadernointeligente.pt\/wp\/2024\/11\/22\/qual-e-o-teu-ci-segundo-a-tua-personalidade\/"]}]},{"@type":"ImageObject","inLanguage":"pt-PT","@id":"https:\/\/blog.cadernointeligente.pt\/wp\/2024\/11\/22\/qual-e-o-teu-ci-segundo-a-tua-personalidade\/#primaryimage","url":"https:\/\/i0.wp.com\/blog.cadernointeligente.pt\/wp\/wp-content\/uploads\/2024\/11\/ci_artigo_22.11_PT-scaled.jpg?fit=2560%2C1946&ssl=1","contentUrl":"https:\/\/i0.wp.com\/blog.cadernointeligente.pt\/wp\/wp-content\/uploads\/2024\/11\/ci_artigo_22.11_PT-scaled.jpg?fit=2560%2C1946&ssl=1","width":2560,"height":1946},{"@type":"BreadcrumbList","@id":"https:\/\/blog.cadernointeligente.pt\/wp\/2024\/11\/22\/qual-e-o-teu-ci-segundo-a-tua-personalidade\/#breadcrumb","itemListElement":[{"@type":"ListItem","position":1,"name":"In\u00edcio","item":"https:\/\/blog.cadernointeligente.pt\/wp\/"},{"@type":"ListItem","position":2,"name":"Qual \u00e9 o teu CI segundo a tua personalidade?"}]},{"@type":"WebSite","@id":"https:\/\/blog.cadernointeligente.pt\/wp\/#website","url":"https:\/\/blog.cadernointeligente.pt\/wp\/","name":"Caderno Inteligente","description":"Blog do Caderno Inteligente Portugal","publisher":{"@id":"https:\/\/blog.cadernointeligente.pt\/wp\/#organization"},"potentialAction":[{"@type":"SearchAction","target":{"@type":"EntryPoint","urlTemplate":"https:\/\/blog.cadernointeligente.pt\/wp\/?s={search_term_string}"},"query-input":{"@type":"PropertyValueSpecification","valueRequired":true,"valueName":"search_term_string"}}],"inLanguage":"pt-PT"},{"@type":"Organization","@id":"https:\/\/blog.cadernointeligente.pt\/wp\/#organization","name":"Caderno Inteligente Portugal","url":"https:\/\/blog.cadernointeligente.pt\/wp\/","logo":{"@type":"ImageObject","inLanguage":"pt-PT","@id":"https:\/\/blog.cadernointeligente.pt\/wp\/#\/schema\/logo\/image\/","url":"https:\/\/i0.wp.com\/blog.cadernointeligente.pt\/wp\/wp-content\/uploads\/2020\/03\/logotipo-Caderno-Inteligente.png?fit=1067%2C1067&ssl=1","contentUrl":"https:\/\/i0.wp.com\/blog.cadernointeligente.pt\/wp\/wp-content\/uploads\/2020\/03\/logotipo-Caderno-Inteligente.png?fit=1067%2C1067&ssl=1","width":1067,"height":1067,"caption":"Caderno Inteligente Portugal"},"image":{"@id":"https:\/\/blog.cadernointeligente.pt\/wp\/#\/schema\/logo\/image\/"},"sameAs":["https:\/\/www.instagram.com\/cadernointeligente_pt\/"]},{"@type":"Person","@id":"https:\/\/blog.cadernointeligente.pt\/wp\/#\/schema\/person\/831932a8c57031f5ffa3616d25da0720","name":"A Equipa Caderno Inteligente","image":{"@type":"ImageObject","inLanguage":"pt-PT","@id":"https:\/\/secure.gravatar.com\/avatar\/10c873afe452e498c86116d1c5eaf189a1c96980e8c26dd34e5ff27882e022b1?s=96&d=mm&r=g","url":"https:\/\/secure.gravatar.com\/avatar\/10c873afe452e498c86116d1c5eaf189a1c96980e8c26dd34e5ff27882e022b1?s=96&d=mm&r=g","contentUrl":"https:\/\/secure.gravatar.com\/avatar\/10c873afe452e498c86116d1c5eaf189a1c96980e8c26dd34e5ff27882e022b1?s=96&d=mm&r=g","caption":"A Equipa Caderno Inteligente"},"url":"https:\/\/blog.cadernointeligente.pt\/wp\/author\/andreia-costa\/"}]}},"jetpack_featured_media_url":"https:\/\/i0.wp.com\/blog.cadernointeligente.pt\/wp\/wp-content\/uploads\/2024\/11\/ci_artigo_22.11_PT-scaled.jpg?fit=2560%2C1946&ssl=1","jetpack_sharing_enabled":true,"_links":{"self":[{"href":"https:\/\/blog.cadernointeligente.pt\/wp\/wp-json\/wp\/v2\/posts\/10181","targetHints":{"allow":["GET"]}}],"collection":[{"href":"https:\/\/blog.cadernointeligente.pt\/wp\/wp-json\/wp\/v2\/posts"}],"about":[{"href":"https:\/\/blog.cadernointeligente.pt\/wp\/wp-json\/wp\/v2\/types\/post"}],"author":[{"embeddable":true,"href":"https:\/\/blog.cadernointeligente.pt\/wp\/wp-json\/wp\/v2\/users\/5"}],"replies":[{"embeddable":true,"href":"https:\/\/blog.cadernointeligente.pt\/wp\/wp-json\/wp\/v2\/comments?post=10181"}],"version-history":[{"count":0,"href":"https:\/\/blog.cadernointeligente.pt\/wp\/wp-json\/wp\/v2\/posts\/10181\/revisions"}],"wp:featuredmedia":[{"embeddable":true,"href":"https:\/\/blog.cadernointeligente.pt\/wp\/wp-json\/wp\/v2\/media\/10200"}],"wp:attachment":[{"href":"https:\/\/blog.cadernointeligente.pt\/wp\/wp-json\/wp\/v2\/media?parent=10181"}],"wp:term":[{"taxonomy":"category","embeddable":true,"href":"https:\/\/blog.cadernointeligente.pt\/wp\/wp-json\/wp\/v2\/categories?post=10181"},{"taxonomy":"post_tag","embeddable":true,"href":"https:\/\/blog.cadernointeligente.pt\/wp\/wp-json\/wp\/v2\/tags?post=10181"}],"curies":[{"name":"wp","href":"https:\/\/api.w.org\/{rel}","templated":true}]}}